{"id":1043,"date":"2026-01-20T20:32:46","date_gmt":"2026-01-20T20:32:46","guid":{"rendered":"https:\/\/jimrylie.hu\/blog\/?p=1043"},"modified":"2026-01-20T20:40:05","modified_gmt":"2026-01-20T20:40:05","slug":"velt-a-csapat-esze","status":"publish","type":"post","link":"https:\/\/jimrylie.hu\/blog\/?p=1043","title":{"rendered":"Velt, a csapat esze"},"content":{"rendered":"\n<p class=\"wp-block-paragraph\"><\/p>\n\n\n\n<p class=\"wp-block-paragraph\" style=\"font-size:18px\">Velt Pip\u00f3 egyik legjobb bar\u00e1tja. <br>\u0150 az, aki mindig v\u00e9giggondolja a dolgokat, miel\u0151tt b\u00e1rmit l\u00e9pn\u00e9nek. <br>Csendesebb, komolyabb, \u00e9s gyakran \u00fagy t\u0171nhet, mintha mindig a rosszat l\u00e1tn\u00e1 meg el\u0151sz\u00f6r. <br>Val\u00f3j\u00e1ban nem bor\u00fal\u00e1t\u00f3. Egyszer\u0171en \u00e9szreveszi azokat a vesz\u00e9lyeket, amelyek mellett m\u00e1sok gondolkod\u00e1s n\u00e9lk\u00fcl elmenn\u00e9nek. <br>Am\u00edg m\u00e1sok lelkesek vagy vakmer\u0151k,<br>Velt meg\u00e1ll, figyel, \u00e9s megpr\u00f3b\u00e1lja meg\u00e9rteni, mi t\u00f6rt\u00e9nik k\u00f6r\u00fcl\u00f6tt\u00fck. <br>Nem az\u00e9rt, mert f\u00e9l, hanem mert tudja, hogy egy rossz d\u00f6nt\u00e9s mindenkire hat\u00e1ssal lehet. <br>\u0150 nem a leggyorsabb, nem a leghangosabb, de gyakran az \u0151 szavai seg\u00edtenek elker\u00fclni a bajt. <\/p>\n\n\n\n<p class=\"wp-block-paragraph\" style=\"font-size:18px\">Zagrados vil\u00e1g\u00e1ban nem minden h\u0151s karddal harcol.<br>Van, aki azzal v\u00e9di a t\u00f6bbieket, hogy gondolkodik helyett\u00fck is.<br>Ha d\u00f6nteni kell, mindig ott \u00e1ll a bar\u00e1tai mellett.<\/p>\n\n\n\n<p class=\"wp-block-paragraph\" style=\"font-size:18px\">Velt ilyen.<\/p>\n\n\n\n<p class=\"wp-block-paragraph\" style=\"font-size:18px\">Az elm\u00falt k\u00e9t h\u00e9t csendben telt.<br>Nem az\u00e9rt, mert elfogytak az \u00f6tletek, hanem mert volt, amit el\u0151bb magamban kellett rendbe tenni.<br>Egy olyan k\u00f6zegben \u00e9rtek csal\u00f3d\u00e1sok, ahol tanulni \u00e9s fejl\u0151dni szerettem volna. Emberileg \u00e9s m\u00e9lt\u00f3s\u00e1gban is kaptam egy nagy pofont, olyat amihez id\u0151 kellett hogy \u00e1tl\u00e9pjem.<br>Velt karaktere most k\u00fcl\u00f6n\u00f6sen k\u00f6zel \u00e1ll hozz\u00e1m. \u0150 az, aki nem besz\u00e9l sokat, ink\u00e1bb figyel, m\u00e9rlegel, \u00e9s akkor sz\u00f3lal meg, amikor m\u00e1r tudja, merre tov\u00e1bb.<br>\u00c9n is \u00edgy voltam ezzel az id\u0151szakkal.<br>Most folytatom a munk\u00e1t, lassan, de biztosan.<\/p>\n","protected":false},"excerpt":{"rendered":"<p>Velt Pip\u00f3 egyik legjobb bar\u00e1tja. \u0150 az, aki mindig v\u00e9giggondolja a dolgokat, miel\u0151tt b\u00e1rmit l\u00e9pn\u00e9nek. Csendesebb, komolyabb, \u00e9s gyakran \u00fagy t\u0171nhet, mintha mindig a rosszat l\u00e1tn\u00e1 meg el\u0151sz\u00f6r. Val\u00f3j\u00e1ban nem bor\u00fal\u00e1t\u00f3. Egyszer\u0171en \u00e9szreveszi azokat a vesz\u00e9lyeket, amelyek mellett m\u00e1sok gondolkod\u00e1s n\u00e9lk\u00fcl elmenn\u00e9nek. Am\u00edg m\u00e1sok lelkesek vagy vakmer\u0151k,Velt meg\u00e1ll, figyel, \u00e9s megpr\u00f3b\u00e1lja meg\u00e9rteni, mi t\u00f6rt\u00e9nik k\u00f6r\u00fcl\u00f6tt\u00fck. [&hellip;]<\/p>\n","protected":false},"author":1,"featured_media":1056,"comment_status":"open","ping_status":"open","sticky":false,"template":"","format":"standard","meta":{"_crdt_document":"","sfsi_plus_gutenberg_text_before_share":"","sfsi_plus_gutenberg_show_text_before_share":"","sfsi_plus_gutenberg_icon_type":"","sfsi_plus_gutenberg_icon_alignemt":"","sfsi_plus_gutenburg_max_per_row":"","footnotes":"","jetpack_publicize_message":"","jetpack_publicize_feature_enabled":true,"jetpack_social_post_already_shared":true,"jetpack_social_options":{"image_generator_settings":{"template":"highway","default_image_id":0,"font":"","enabled":false},"version":2}},"categories":[23,11],"tags":[38,41,64,18],"class_list":["post-1043","post","type-post","status-publish","format-standard","has-post-thumbnail","hentry","category-hosok-es-baratok","category-kulisszak-mogott","tag-alkotoi-ut","tag-karakterbemutato","tag-velt","tag-zagrados"],"jetpack_publicize_connections":[],"_links":{"self":[{"href":"https:\/\/jimrylie.hu\/blog\/index.php?rest_route=\/wp\/v2\/posts\/1043","targetHints":{"allow":["GET"]}}],"collection":[{"href":"https:\/\/jimrylie.hu\/blog\/index.php?rest_route=\/wp\/v2\/posts"}],"about":[{"href":"https:\/\/jimrylie.hu\/blog\/index.php?rest_route=\/wp\/v2\/types\/post"}],"author":[{"embeddable":true,"href":"https:\/\/jimrylie.hu\/blog\/index.php?rest_route=\/wp\/v2\/users\/1"}],"replies":[{"embeddable":true,"href":"https:\/\/jimrylie.hu\/blog\/index.php?rest_route=%2Fwp%2Fv2%2Fcomments&post=1043"}],"version-history":[{"count":13,"href":"https:\/\/jimrylie.hu\/blog\/index.php?rest_route=\/wp\/v2\/posts\/1043\/revisions"}],"predecessor-version":[{"id":1060,"href":"https:\/\/jimrylie.hu\/blog\/index.php?rest_route=\/wp\/v2\/posts\/1043\/revisions\/1060"}],"wp:featuredmedia":[{"embeddable":true,"href":"https:\/\/jimrylie.hu\/blog\/index.php?rest_route=\/wp\/v2\/media\/1056"}],"wp:attachment":[{"href":"https:\/\/jimrylie.hu\/blog\/index.php?rest_route=%2Fwp%2Fv2%2Fmedia&parent=1043"}],"wp:term":[{"taxonomy":"category","embeddable":true,"href":"https:\/\/jimrylie.hu\/blog\/index.php?rest_route=%2Fwp%2Fv2%2Fcategories&post=1043"},{"taxonomy":"post_tag","embeddable":true,"href":"https:\/\/jimrylie.hu\/blog\/index.php?rest_route=%2Fwp%2Fv2%2Ftags&post=1043"}],"curies":[{"name":"wp","href":"https:\/\/api.w.org\/{rel}","templated":true}]}}