{"id":1084,"date":"2026-02-02T09:20:25","date_gmt":"2026-02-02T09:20:25","guid":{"rendered":"https:\/\/jimrylie.hu\/blog\/?p=1084"},"modified":"2026-02-02T09:20:28","modified_gmt":"2026-02-02T09:20:28","slug":"az-alkotas-nem-technologiai-kerdes","status":"publish","type":"post","link":"https:\/\/jimrylie.hu\/blog\/?p=1084","title":{"rendered":"Az alkot\u00e1s nem technol\u00f3giai k\u00e9rd\u00e9s"},"content":{"rendered":"\n<p class=\"wp-block-paragraph\" style=\"font-size:18px\"><\/p>\n\n\n\n<p class=\"wp-block-paragraph\" style=\"font-size:18px\"><strong>Sziasztok!<\/strong><\/p>\n\n\n\n<p class=\"wp-block-paragraph\" style=\"font-size:18px\">Ma reggel, f\u00e9l\u00e1lomban olvastam B\u00edr\u00f3 Szabolcs \u00edr\u00f3 n\u00e9h\u00e1ny nappal ezel\u0151tti posztj\u00e1t az AI-r\u00f3l. <\/p>\n\n\n\n<p class=\"wp-block-paragraph\" style=\"font-size:18px\">Fontos az elej\u00e9n lesz\u00f6geznem: <br>nem vit\u00e1t szeretn\u00e9k nyitni, \u00e9s nem az \u0151 v\u00e9lem\u00e9ny\u00e9re reag\u00e1lok. <br>M\u00e9lyen tisztelem Szabolcs munk\u00e1ss\u00e1g\u00e1t. <br>Egyszer\u0171en nem tudtam kiverni a fejemb\u0151l a felvet\u00e9st, \u00e9s szeretn\u00e9k megmutatni egy m\u00e1sik n\u00e9z\u0151pontot is. <br>Mert az \u00e9remnek mindig k\u00e9t oldala van. <\/p>\n\n\n\n<p class=\"wp-block-paragraph\" style=\"font-size:18px\">Az \u00e1ll\u00e1spontja nagyj\u00e1b\u00f3l \u00edgy foglalhat\u00f3 \u00f6ssze: <\/p>\n\n\n\n<p class=\"wp-block-paragraph\" style=\"font-size:18px\"><strong>az \u00e9rt\u00e9k = emberi k\u00e9z, emberi szenved\u00e9s, emberi munka.<\/strong> <\/p>\n\n\n\n<p class=\"wp-block-paragraph\" style=\"font-size:18px\">Ez teljesen \u00e9rthet\u0151. <br>De ez nem univerz\u00e1lis igazs\u00e1g, hanem <strong>egy alkot\u00f3i poz\u00edci\u00f3.<\/strong> <\/p>\n\n\n\n<p class=\"wp-block-paragraph\" style=\"font-size:18px\">Felmer\u00fclnek a k\u00e9rd\u00e9sek: <\/p>\n\n\n\n<p class=\"wp-block-paragraph\" style=\"font-size:18px\">AI = \u00f6tlettelens\u00e9g?<br>AI = lustas\u00e1g?<br>AI = csal\u00e1s?<br>AI = emberi munka kiv\u00e1lt\u00e1sa?<\/p>\n\n\n\n<p class=\"wp-block-paragraph\" style=\"font-size:18px\">Besz\u00e9lgess\u00fcnk err\u0151l egy kicsit.<\/p>\n\n\n\n<p class=\"wp-block-paragraph\" style=\"font-size:18px\">K\u00e9t \u00e9ve dolgozom mesters\u00e9ges intelligenci\u00e1val.<br>Ez id\u0151 alatt sok mindent megtapasztaltam, j\u00f3t \u00e9s rosszat is.<\/p>\n\n\n\n<p class=\"wp-block-paragraph\" style=\"font-size:18px\"><strong>Mit jelent sz\u00e1momra az AI-val val\u00f3 munka?<\/strong><\/p>\n\n\n\n<p class=\"wp-block-paragraph\" style=\"font-size:18px\">A munk\u00e1mat minden szinten \u00e1tsz\u00f6vi az AI. Pont.<br>\u00c9s ezt nem b\u00e1nom.<\/p>\n\n\n\n<p class=\"wp-block-paragraph\" style=\"font-size:18px\">De nagyon nem mindegy, <strong>hogyan.<\/strong><\/p>\n\n\n\n<p class=\"wp-block-paragraph\" style=\"font-size:18px\">A \u201etiszta k\u00e9z\u201d szerintem m\u00edtosz.<br>Az, hogy valaki k\u00e9zzel \u00edr, rajzol vagy szerkeszt, \u00f6nmag\u00e1ban nem teszi autentikuss\u00e1 a munk\u00e1t.<\/p>\n\n\n\n<p class=\"wp-block-paragraph\" style=\"font-size:18px\">Az autentikuss\u00e1g nem technol\u00f3giai \u00e1llapot.<br>Hanem<strong> bels\u0151 sz\u00e1nd\u00e9k, mondanival\u00f3 \u00e9s felel\u0151ss\u00e9gv\u00e1llal\u00e1s.<\/strong><\/p>\n\n\n\n<p class=\"wp-block-paragraph\" style=\"font-size:18px\">Nem vitatkozni szeretn\u00e9k, \u00e9s nem \u00e1ll\u00e1st foglalni m\u00e1sok helyett.<br>Egyszer\u0171en elmondom, \u00e9n hogyan dolgozom.<\/p>\n\n\n\n<p class=\"wp-block-paragraph\" style=\"font-size:18px\">Sz\u00e1momra az alkot\u00e1s nem technol\u00f3giai k\u00e9rd\u00e9s.<br>Hanem felel\u0151ss\u00e9g k\u00e9rd\u00e9se.<\/p>\n\n\n\n<p class=\"wp-block-paragraph\" style=\"font-size:18px\">Nem az sz\u00e1m\u00edt, milyen eszk\u00f6zzel sz\u00fcletik meg egy vil\u00e1g, hanem az, hogy<br>ki hozza l\u00e9tre,<br>ki \u00e1lmodja meg,<br>ki hordozza mag\u00e1ban,<br>ki mond vele valamit,<br>\u00e9s ki v\u00e1llalja \u00e9rte a felel\u0151ss\u00e9get.<\/p>\n\n\n\n<p class=\"wp-block-paragraph\" style=\"font-size:18px\">Az AI sz\u00e1momra nem alkot\u00f3.<br>Nem gondolkodik helyettem.<br>Nem tal\u00e1l ki t\u00f6rt\u00e9neteket helyettem.<br>Nem \u00e9rez.<br>Nem d\u00f6nt.<br>Nem v\u00e1llal k\u00f6vetkezm\u00e9nyeket.<\/p>\n\n\n\n<p class=\"wp-block-paragraph\" style=\"font-size:18px\">A vil\u00e1got \u00e9n hozom l\u00e9tre, \u00e9s \u00e9n mes\u00e9lem el.<br>A karakterek az \u00e9n tapasztalataimb\u00f3l, \u00e9rz\u00e9seimb\u0151l \u00e9s k\u00e9rd\u00e9seimb\u0151l sz\u00fcletnek.<br>A d\u00f6nt\u00e9sek az eny\u00e9mek, \u00e9s a felel\u0151ss\u00e9g is.<\/p>\n\n\n\n<p class=\"wp-block-paragraph\" style=\"font-size:18px\">Az AI ebben a folyamatban <strong>eszk\u00f6z.<\/strong><br>Ahogy eszk\u00f6z egy kamera, egy ecset, egy v\u00e1g\u00f3program vagy egy nyomdag\u00e9p.<br>Az eszk\u00f6z nem v\u00e1ltja ki az alkot\u00f3t, csak kiterjeszti a lehet\u0151s\u00e9geit.<\/p>\n\n\n\n<p class=\"wp-block-paragraph\" style=\"font-size:18px\">Hiszek az emberi l\u00e9lekben az alkot\u00e1s m\u00f6g\u00f6tt.<br>De nem hiszek abban, hogy a technol\u00f3gia \u00f6nmag\u00e1ban elveszi ezt az \u00e9rt\u00e9ket.<br>Az \u00e9rt\u00e9ket az adja,<strong> ki haszn\u00e1lja, \u00e9s mire.<\/strong><\/p>\n\n\n\n<p class=\"wp-block-paragraph\" style=\"font-size:18px\">\u00c9n mes\u00e9lni akarok.<br>Vil\u00e1gokat megmutatni.<br>\u00c9rz\u00e9seket, k\u00e9rd\u00e9seket, m\u00e9lys\u00e9geket \u00e1tadni.<\/p>\n\n\n\n<p class=\"wp-block-paragraph\" style=\"font-size:18px\">\u00c9s ez\u00e9rt v\u00e1llalom a felel\u0151ss\u00e9get minden egyes k\u00e9p\u00e9rt, sor\u00e9rt \u00e9s d\u00f6nt\u00e9s\u00e9rt, amit ebben a vil\u00e1gban meghozok.<\/p>\n\n\n\n<p class=\"wp-block-paragraph\" style=\"font-size:18px\">Val\u00f3ban egy \u00faj korszak kapuj\u00e1ban \u00e1llunk.<br>Rengeteg AI-alap\u00fa tartalom fog sz\u00fcletni. Sok sz\u00e9p, sok l\u00e1tv\u00e1nyos, sok felsz\u00ednes is.<br>Kirakatok lesznek.<br>Koncepci\u00f3 n\u00e9lk\u00fcli maszatol\u00e1sok.<\/p>\n\n\n\n<p class=\"wp-block-paragraph\" style=\"font-size:18px\">\u00c9s k\u00f6zben egyre fontosabb lesz az az egyetlen dolog, ami v\u00e9g\u00fcl mindig megmarad, ha minden r\u00e9teget leh\u00e1ntunk, \u00e9s amit nek\u00fcnk is keresn\u00fcnk kell az alkot\u00e1sok m\u00f6g\u00f6tt:<\/p>\n\n\n\n<p class=\"wp-block-paragraph\" style=\"font-size:18px\"><strong>az emberi l\u00e9lek.<\/strong><\/p>\n\n\n\n<p class=\"wp-block-paragraph\" style=\"font-size:18px\">\u00c9n nem vagyok grafikus, m\u00e9gis l\u00e9trehozom a k\u00e9pi vil\u00e1gomat.<br>Nem vagyok \u00edr\u00f3, m\u00e9gis meg\u00edrom a t\u00f6rt\u00e9neteimet.<br>Nem vagyok webdesigner, m\u00e9gis meg\u00e9p\u00edtem a vil\u00e1gom kapuit.<br>Nem vagyok zeneszerz\u0151, m\u00e9gis k\u00e9pes vagyok zen\u00e9t alkotni.<\/p>\n\n\n\n<p class=\"wp-block-paragraph\" style=\"font-size:18px\">\u00c9s ahogy fejl\u0151dik a technol\u00f3gia, egyre t\u00f6bbet tudok majd megmutatni ebb\u0151l a vil\u00e1gb\u00f3l.<\/p>\n\n\n\n<p class=\"wp-block-paragraph\" style=\"font-size:18px\">Ne feledj\u00e9tek:<br>a filmrendez\u0151 sem h\u00fazza meg a d\u00edszlet minden sz\u00f6g\u00e9t,<br>nem \u0151 vil\u00e1g\u00edt minden l\u00e1mp\u00e1t,<br>nem \u0151 keveri a hangot.<\/p>\n\n\n\n<p class=\"wp-block-paragraph\" style=\"font-size:18px\"><strong>\u0150 tartja egyben a vil\u00e1g\u00e1t.<\/strong><\/p>\n\n\n\n<p class=\"wp-block-paragraph\"><\/p>\n","protected":false},"excerpt":{"rendered":"<p>Sziasztok! Ma reggel, f\u00e9l\u00e1lomban olvastam B\u00edr\u00f3 Szabolcs \u00edr\u00f3 n\u00e9h\u00e1ny nappal ezel\u0151tti posztj\u00e1t az AI-r\u00f3l. Fontos az elej\u00e9n lesz\u00f6geznem: nem vit\u00e1t szeretn\u00e9k nyitni, \u00e9s nem az \u0151 v\u00e9lem\u00e9ny\u00e9re reag\u00e1lok. M\u00e9lyen tisztelem Szabolcs munk\u00e1ss\u00e1g\u00e1t. Egyszer\u0171en nem tudtam kiverni a fejemb\u0151l a felvet\u00e9st, \u00e9s szeretn\u00e9k megmutatni egy m\u00e1sik n\u00e9z\u0151pontot is. Mert az \u00e9remnek mindig k\u00e9t oldala van. Az [&hellip;]<\/p>\n","protected":false},"author":1,"featured_media":1089,"comment_status":"open","ping_status":"open","sticky":false,"template":"","format":"standard","meta":{"_crdt_document":"","sfsi_plus_gutenberg_text_before_share":"","sfsi_plus_gutenberg_show_text_before_share":"","sfsi_plus_gutenberg_icon_type":"","sfsi_plus_gutenberg_icon_alignemt":"","sfsi_plus_gutenburg_max_per_row":"","footnotes":"","jetpack_publicize_message":"","jetpack_publicize_feature_enabled":true,"jetpack_social_post_already_shared":true,"jetpack_social_options":{"image_generator_settings":{"template":"highway","default_image_id":0,"font":"","enabled":false},"version":2}},"categories":[30],"tags":[67,68,69,70],"class_list":["post-1084","post","type-post","status-publish","format-standard","has-post-thumbnail","hentry","category-iroi-naplo","tag-ai","tag-alkotoi-identitas","tag-filozofia","tag-technologia"],"jetpack_publicize_connections":[],"_links":{"self":[{"href":"https:\/\/jimrylie.hu\/blog\/index.php?rest_route=\/wp\/v2\/posts\/1084","targetHints":{"allow":["GET"]}}],"collection":[{"href":"https:\/\/jimrylie.hu\/blog\/index.php?rest_route=\/wp\/v2\/posts"}],"about":[{"href":"https:\/\/jimrylie.hu\/blog\/index.php?rest_route=\/wp\/v2\/types\/post"}],"author":[{"embeddable":true,"href":"https:\/\/jimrylie.hu\/blog\/index.php?rest_route=\/wp\/v2\/users\/1"}],"replies":[{"embeddable":true,"href":"https:\/\/jimrylie.hu\/blog\/index.php?rest_route=%2Fwp%2Fv2%2Fcomments&post=1084"}],"version-history":[{"count":6,"href":"https:\/\/jimrylie.hu\/blog\/index.php?rest_route=\/wp\/v2\/posts\/1084\/revisions"}],"predecessor-version":[{"id":1092,"href":"https:\/\/jimrylie.hu\/blog\/index.php?rest_route=\/wp\/v2\/posts\/1084\/revisions\/1092"}],"wp:featuredmedia":[{"embeddable":true,"href":"https:\/\/jimrylie.hu\/blog\/index.php?rest_route=\/wp\/v2\/media\/1089"}],"wp:attachment":[{"href":"https:\/\/jimrylie.hu\/blog\/index.php?rest_route=%2Fwp%2Fv2%2Fmedia&parent=1084"}],"wp:term":[{"taxonomy":"category","embeddable":true,"href":"https:\/\/jimrylie.hu\/blog\/index.php?rest_route=%2Fwp%2Fv2%2Fcategories&post=1084"},{"taxonomy":"post_tag","embeddable":true,"href":"https:\/\/jimrylie.hu\/blog\/index.php?rest_route=%2Fwp%2Fv2%2Ftags&post=1084"}],"curies":[{"name":"wp","href":"https:\/\/api.w.org\/{rel}","templated":true}]}}