{"id":1111,"date":"2026-02-20T19:04:03","date_gmt":"2026-02-20T19:04:03","guid":{"rendered":"https:\/\/jimrylie.hu\/blog\/?p=1111"},"modified":"2026-02-20T19:06:44","modified_gmt":"2026-02-20T19:06:44","slug":"nem-egy-konyv-valtoztatott-meg","status":"publish","type":"post","link":"https:\/\/jimrylie.hu\/blog\/?p=1111","title":{"rendered":"Nem egy k\u00f6nyv v\u00e1ltoztatott meg"},"content":{"rendered":"\n<p class=\"wp-block-paragraph\" style=\"font-size:18px\">Ha \u0151szinte akarok lenni, nem is felt\u00e9tlen\u00fcl k\u00f6nyvek voltak azok, amik igaz\u00e1n megmaradtak bennem. <\/p>\n\n\n\n<p class=\"wp-block-paragraph\" style=\"font-size:18px\">Hanem t\u00f6rt\u00e9netek \u00e9s k\u00e9pek. <\/p>\n\n\n\n<p class=\"wp-block-paragraph\" style=\"font-size:18px\">Persze ha nagyon akarn\u00e1m \u00e9n is felsorolhatn\u00e1m a nagy neveket.<\/p>\n\n\n\n<p class=\"wp-block-paragraph\" style=\"font-size:18px\">Senki sem lep\u0151dne meg rajtuk. \u00c9s tal\u00e1n egyszer meg is fogom tenni, mert feln\u00e9zek r\u00e1juk az\u00f3ta is. <\/p>\n\n\n\n<p class=\"wp-block-paragraph\" style=\"font-size:18px\">Azokra akik vil\u00e1gokat alkottak. <\/p>\n\n\n\n<p class=\"wp-block-paragraph\" style=\"font-size:18px\">Amiket \u00e9n is bebarangolhattam, ak\u00e1r k\u00e9pzeletben ak\u00e1r k\u00e9perny\u0151 el\u0151tt.<br>Nem a szavak sz\u00e9ps\u00e9ge ragadott meg. Nem a l\u00edra. <\/p>\n\n\n\n<p class=\"wp-block-paragraph\" style=\"font-size:18px\">Hanem az \u00e9rz\u00e9s, amit egy-egy t\u00f6rt\u00e9net, jelenet vagy d\u00f6nt\u00e9s hordozott.<br>A h\u0151s \u00fatja, a bar\u00e1ts\u00e1g s\u00falya, a pillanat, amikor valaki m\u00e9gis megteszi, amit senki m\u00e1s nem merne. <\/p>\n\n\n\n<p class=\"wp-block-paragraph\" style=\"font-size:18px\">Volt m\u00e1r veletek, hogy \u00fagy fogyasztj\u00e1tok a j\u00e1t\u00e9kot mint egy k\u00f6nyvet? Hogy a t\u00f6rt\u00e9net \u00e9rdekel \u00e9s csak p\u00f6rgetitek, hogy megismerj\u00e9tek a mes\u00e9t, a t\u00f6rt\u00e9netet az alkot\u00e1s m\u00f6g\u00f6tt? <\/p>\n\n\n\n<p class=\"wp-block-paragraph\" style=\"font-size:18px\">Engem a t\u00f6rt\u00e9net vonzott.<\/p>\n\n\n\n<p class=\"wp-block-paragraph\" style=\"font-size:18px\">\u00c9n gyerekk\u00e9nt nem csak olvastam, a legt\u00f6bbet l\u00e1ttam \u00e9s \u00e1t\u00e9ltem.<br>Filmek, j\u00e1t\u00e9kok, k\u00f6nyvek\u2026 mind ugyanazt a t\u0171zet \u00e9lesztett\u00e9k bennem.<\/p>\n\n\n\n<p class=\"wp-block-paragraph\" style=\"font-size:18px\"><br>Szeretem az epikus, h\u0151si t\u00f6rt\u00e9neteket, de tal\u00e1n m\u00e9g jobban szeretem azokat a karaktereket, akik k\u00f6zel \u00e9rezhet\u0151k. Akik hib\u00e1znak, f\u00e9lnek, de m\u00e9gis tov\u00e1bbl\u00e9pnek.<\/p>\n\n\n\n<p class=\"wp-block-paragraph\" style=\"font-size:18px\">\u00c9s volt m\u00e9g valami: az anyag.<br>A r\u00e9gi, f\u00e1s illat\u00fa k\u00f6nyvek, a s\u00e1rgult pergamenlapok, a festm\u00e9nyszer\u0171 illusztr\u00e1ci\u00f3k.<br>Ezek a text\u00far\u00e1k m\u00e1ig \u00e9lnek bennem \u00e9s most m\u00e1r ott vannak az \u00e9n vil\u00e1gomban is.<\/p>\n\n\n\n<p class=\"wp-block-paragraph\"><\/p>\n","protected":false},"excerpt":{"rendered":"<p>Ha \u0151szinte akarok lenni, nem is felt\u00e9tlen\u00fcl k\u00f6nyvek voltak azok, amik igaz\u00e1n megmaradtak bennem. Hanem t\u00f6rt\u00e9netek \u00e9s k\u00e9pek. Persze ha nagyon akarn\u00e1m \u00e9n is felsorolhatn\u00e1m a nagy neveket. Senki sem lep\u0151dne meg rajtuk. \u00c9s tal\u00e1n egyszer meg is fogom tenni, mert feln\u00e9zek r\u00e1juk az\u00f3ta is. Azokra akik vil\u00e1gokat alkottak. Amiket \u00e9n is bebarangolhattam, ak\u00e1r k\u00e9pzeletben [&hellip;]<\/p>\n","protected":false},"author":1,"featured_media":1119,"comment_status":"open","ping_status":"open","sticky":false,"template":"","format":"standard","meta":{"_crdt_document":"","sfsi_plus_gutenberg_text_before_share":"","sfsi_plus_gutenberg_show_text_before_share":"","sfsi_plus_gutenberg_icon_type":"","sfsi_plus_gutenberg_icon_alignemt":"","sfsi_plus_gutenburg_max_per_row":"","footnotes":"","jetpack_publicize_message":"","jetpack_publicize_feature_enabled":true,"jetpack_social_post_already_shared":true,"jetpack_social_options":{"image_generator_settings":{"template":"highway","default_image_id":0,"font":"","enabled":false},"version":2}},"categories":[30],"tags":[72,71,6,43],"class_list":["post-1111","post","type-post","status-publish","format-standard","has-post-thumbnail","hentry","category-iroi-naplo","tag-alkotoi-gondolat","tag-eredet","tag-inspiracio","tag-tortenetmeseles"],"jetpack_publicize_connections":[],"_links":{"self":[{"href":"https:\/\/jimrylie.hu\/blog\/index.php?rest_route=\/wp\/v2\/posts\/1111","targetHints":{"allow":["GET"]}}],"collection":[{"href":"https:\/\/jimrylie.hu\/blog\/index.php?rest_route=\/wp\/v2\/posts"}],"about":[{"href":"https:\/\/jimrylie.hu\/blog\/index.php?rest_route=\/wp\/v2\/types\/post"}],"author":[{"embeddable":true,"href":"https:\/\/jimrylie.hu\/blog\/index.php?rest_route=\/wp\/v2\/users\/1"}],"replies":[{"embeddable":true,"href":"https:\/\/jimrylie.hu\/blog\/index.php?rest_route=%2Fwp%2Fv2%2Fcomments&post=1111"}],"version-history":[{"count":6,"href":"https:\/\/jimrylie.hu\/blog\/index.php?rest_route=\/wp\/v2\/posts\/1111\/revisions"}],"predecessor-version":[{"id":1118,"href":"https:\/\/jimrylie.hu\/blog\/index.php?rest_route=\/wp\/v2\/posts\/1111\/revisions\/1118"}],"wp:featuredmedia":[{"embeddable":true,"href":"https:\/\/jimrylie.hu\/blog\/index.php?rest_route=\/wp\/v2\/media\/1119"}],"wp:attachment":[{"href":"https:\/\/jimrylie.hu\/blog\/index.php?rest_route=%2Fwp%2Fv2%2Fmedia&parent=1111"}],"wp:term":[{"taxonomy":"category","embeddable":true,"href":"https:\/\/jimrylie.hu\/blog\/index.php?rest_route=%2Fwp%2Fv2%2Fcategories&post=1111"},{"taxonomy":"post_tag","embeddable":true,"href":"https:\/\/jimrylie.hu\/blog\/index.php?rest_route=%2Fwp%2Fv2%2Ftags&post=1111"}],"curies":[{"name":"wp","href":"https:\/\/api.w.org\/{rel}","templated":true}]}}