{"id":1328,"date":"2026-03-15T12:59:27","date_gmt":"2026-03-15T12:59:27","guid":{"rendered":"https:\/\/jimrylie.hu\/blog\/?p=1328"},"modified":"2026-03-16T14:27:37","modified_gmt":"2026-03-16T14:27:37","slug":"milyen-volt-az-elso-kep-amit-megalkottam","status":"publish","type":"post","link":"https:\/\/jimrylie.hu\/blog\/?p=1328","title":{"rendered":"Milyen volt az els\u0151 k\u00e9p, amit megalkottam?"},"content":{"rendered":"\n<p class=\"wp-block-paragraph\" style=\"font-size:18px\">Amikor el\u0151sz\u00f6r megjelent el\u0151ttem Pip\u00f3, nem egyszer\u0171en egy rajz sz\u00fcletett. <br>Egy pillanat \u00e1llt meg az id\u0151ben. <\/p>\n\n\n\n<p class=\"wp-block-paragraph\" style=\"font-size:18px\">Egy kis pingvin \u00e1llt el\u0151ttem: neh\u00e9z pajzzsal, egy fakarddal a h\u00e1t\u00e1n, \u00e9s egy tekn\u0151sp\u00e1nc\u00e9lb\u00f3l k\u00e9sz\u00fclt sisakkal a fej\u00e9n. <br>A tekintete tele volt kalandv\u00e1ggyal, k\u00edv\u00e1ncsis\u00e1ggal, \u00e9s valamif\u00e9le megmagyar\u00e1zhatatlan elh\u00edv\u00e1ssal. <\/p>\n\n\n\n<p class=\"wp-block-paragraph\" style=\"font-size:18px\">\u00c9s akkor feltettem magamnak a k\u00e9rd\u00e9st: <\/p>\n\n\n\n<p class=\"wp-block-paragraph\" style=\"font-size:18px\">Hogyan lehets\u00e9ges mindez? <\/p>\n\n\n\n<p class=\"wp-block-paragraph\" style=\"font-size:18px\">Mi az a t\u00f6rt\u00e9net, amely egy ilyen kis lelket id\u00e1ig hozott? <\/p>\n\n\n\n<p class=\"wp-block-paragraph\" style=\"font-size:18px\">Abban a pillanatban ny\u00edlt ki el\u0151ttem a pinguinok vil\u00e1ga. <br>\u00c9s r\u00f6gt\u00f6n tudtam, hogy mir\u0151l fog sz\u00f3lni ez az eg\u00e9sz t\u00f6rt\u00e9net. <br>Nem a kardr\u00f3l.<br>Nem a p\u00e1nc\u00e9lr\u00f3l.<br>Hanem arr\u00f3l, hogyan v\u00e1lik h\u0151ss\u00e9 valaki, aki val\u00f3j\u00e1ban soha nem hitte, hogy az lehet.<\/p>\n\n\n\n<p class=\"wp-block-paragraph\" style=\"font-size:18px\">Pip\u00f3 nem egy h\u0151s, aki gy\u0151zni akar.<br>\u0150 egy l\u00e9lek, aki meg akarja \u00e9rteni, mi\u00e9rt dobban \u00fagy a sz\u00edve, ahogy.<\/p>\n\n\n\n<p class=\"wp-block-paragraph\" style=\"font-size:18px\">\u00c9s abban a pillanatban minden a hely\u00e9re ker\u00fclt.<br>A vil\u00e1g.<br>A t\u00f6rt\u00e9net.<br>\u00c9s a k\u00e9rd\u00e9s, amely mindig bennem volt:<\/p>\n\n\n\n<p class=\"wp-block-paragraph\" style=\"font-size:18px\">Mi tesz minket igaz\u00e1n h\u0151ss\u00e9?<\/p>\n\n\n\n<p class=\"wp-block-paragraph\" style=\"font-size:18px\">Most pedig szeretn\u00e9k mes\u00e9lni egy m\u00e1sik de legal\u00e1bb olyan fontos k\u00e9pr\u0151l.<br>Ez is az els\u0151 rajzok egyike \u00e9s ugyanazt az \u00e9rz\u00e9st hordozza.<\/p>\n\n\n\n<p class=\"wp-block-paragraph\" style=\"font-size:18px\">Egy pingvin \u00e9s egy sir\u00e1ly \u00e1llnak a jeges parton, a messzes\u00e9gbe n\u00e9zve.<br>Nem sz\u00f3lnak.<br>Nem mozdulnak.<br>Csak ott vannak.<\/p>\n\n\n\n<p class=\"wp-block-paragraph\" style=\"font-size:18px\">De abban a csendben benne van az eg\u00e9sz vil\u00e1g.<br>A tekintet\u00fckben ott van a t\u00f6rt\u00e9net kezdete.<br>A j\u00e9gben a m\u00falt.<br>A sz\u00e9lben a j\u00f6v\u0151.<\/p>\n\n\n\n<p class=\"wp-block-paragraph\" style=\"font-size:18px\">Amikor ezt a k\u00e9pet elk\u00e9sz\u00edtettem, tudtam, hogy ez m\u00e1r nem csak egy rajz.<br>Valami volt benne, ami \u00e9lni akart.<\/p>\n\n\n\n<p class=\"wp-block-paragraph\" style=\"font-size:18px\">Ezek a k\u00e9pek voltak a vil\u00e1g els\u0151 dobban\u00e1sai.<br>\u00c9s onnant\u00f3l kezdve m\u00e1r nem \u00e9n kerestem a vil\u00e1got.<br>A vil\u00e1g tal\u00e1lt meg engem.<\/p>\n\n\n\n<p class=\"wp-block-paragraph\" style=\"font-size:18px\">\u00c9s most szeretn\u00e9m megmutatni nektek ezt az \u00e9rz\u00e9st.<br>K\u00e9sz\u00edtettem egy r\u00f6vid zen\u00e9s vide\u00f3t is, mert ez a zene Zagrados vil\u00e1g\u00e1nak egyik els\u0151 t\u00e9m\u00e1ja.<\/p>\n\n\n\n<p class=\"wp-block-paragraph\" style=\"font-size:18px\">Aki szemf\u00fcles volt, eddig is r\u00e1tal\u00e1lhatott a weboldalon: ha a Zagrados jel\u00e9re kattintott, elindult a zene.<\/p>\n\n\n\n<p class=\"wp-block-paragraph\" style=\"font-size:18px\">Most viszont szerettem volna, hogy YouTube-on is meghallgathat\u00f3 legyen.<\/p>\n\n\n\n<p class=\"wp-block-paragraph\" style=\"font-size:18px\">Rem\u00e9lem, hogy amikor meghallgatj\u00e1tok, ugyanazt az \u00e9rz\u00e9st \u00e9litek \u00e1t, amelyb\u0151l ez a vil\u00e1g megsz\u00fcletett.<\/p>\n\n\n\n<iframe loading=\"lazy\" width=\"560\" height=\"315\" src=\"https:\/\/www.youtube.com\/embed\/lBASSxsOzKk?si=v-UOZGQLdWpx0oWz\" title=\"YouTube video player\" frameborder=\"0\" allow=\"accelerometer; autoplay; clipboard-write; encrypted-media; gyroscope; picture-in-picture; web-share\" referrerpolicy=\"strict-origin-when-cross-origin\" allowfullscreen><\/iframe>\n","protected":false},"excerpt":{"rendered":"<p>Amikor el\u0151sz\u00f6r megjelent el\u0151ttem Pip\u00f3, nem egyszer\u0171en egy rajz sz\u00fcletett. Egy pillanat \u00e1llt meg az id\u0151ben. Egy kis pingvin \u00e1llt el\u0151ttem: neh\u00e9z pajzzsal, egy fakarddal a h\u00e1t\u00e1n, \u00e9s egy tekn\u0151sp\u00e1nc\u00e9lb\u00f3l k\u00e9sz\u00fclt sisakkal a fej\u00e9n. A tekintete tele volt kalandv\u00e1ggyal, k\u00edv\u00e1ncsis\u00e1ggal, \u00e9s valamif\u00e9le megmagyar\u00e1zhatatlan elh\u00edv\u00e1ssal. \u00c9s akkor feltettem magamnak a k\u00e9rd\u00e9st: Hogyan lehets\u00e9ges mindez? Mi az [&hellip;]<\/p>\n","protected":false},"author":1,"featured_media":1335,"comment_status":"open","ping_status":"open","sticky":false,"template":"","format":"standard","meta":{"_crdt_document":"","sfsi_plus_gutenberg_text_before_share":"","sfsi_plus_gutenberg_show_text_before_share":"","sfsi_plus_gutenberg_icon_type":"","sfsi_plus_gutenberg_icon_alignemt":"","sfsi_plus_gutenburg_max_per_row":"","footnotes":"","jetpack_publicize_message":"","jetpack_publicize_feature_enabled":true,"jetpack_social_post_already_shared":true,"jetpack_social_options":{"image_generator_settings":{"template":"highway","default_image_id":0,"font":"","enabled":false},"version":2}},"categories":[73,50],"tags":[38,26,36,13],"class_list":["post-1328","post","type-post","status-publish","format-standard","has-post-thumbnail","hentry","category-alkotoi-ut","category-vilagepites","tag-alkotoi-ut","tag-illusztracio","tag-kulisszak-mogott","tag-vilagepites"],"jetpack_publicize_connections":[],"_links":{"self":[{"href":"https:\/\/jimrylie.hu\/blog\/index.php?rest_route=\/wp\/v2\/posts\/1328","targetHints":{"allow":["GET"]}}],"collection":[{"href":"https:\/\/jimrylie.hu\/blog\/index.php?rest_route=\/wp\/v2\/posts"}],"about":[{"href":"https:\/\/jimrylie.hu\/blog\/index.php?rest_route=\/wp\/v2\/types\/post"}],"author":[{"embeddable":true,"href":"https:\/\/jimrylie.hu\/blog\/index.php?rest_route=\/wp\/v2\/users\/1"}],"replies":[{"embeddable":true,"href":"https:\/\/jimrylie.hu\/blog\/index.php?rest_route=%2Fwp%2Fv2%2Fcomments&post=1328"}],"version-history":[{"count":9,"href":"https:\/\/jimrylie.hu\/blog\/index.php?rest_route=\/wp\/v2\/posts\/1328\/revisions"}],"predecessor-version":[{"id":1338,"href":"https:\/\/jimrylie.hu\/blog\/index.php?rest_route=\/wp\/v2\/posts\/1328\/revisions\/1338"}],"wp:featuredmedia":[{"embeddable":true,"href":"https:\/\/jimrylie.hu\/blog\/index.php?rest_route=\/wp\/v2\/media\/1335"}],"wp:attachment":[{"href":"https:\/\/jimrylie.hu\/blog\/index.php?rest_route=%2Fwp%2Fv2%2Fmedia&parent=1328"}],"wp:term":[{"taxonomy":"category","embeddable":true,"href":"https:\/\/jimrylie.hu\/blog\/index.php?rest_route=%2Fwp%2Fv2%2Fcategories&post=1328"},{"taxonomy":"post_tag","embeddable":true,"href":"https:\/\/jimrylie.hu\/blog\/index.php?rest_route=%2Fwp%2Fv2%2Ftags&post=1328"}],"curies":[{"name":"wp","href":"https:\/\/api.w.org\/{rel}","templated":true}]}}