{"id":1376,"date":"2026-03-28T14:34:08","date_gmt":"2026-03-28T14:34:08","guid":{"rendered":"https:\/\/jimrylie.hu\/blog\/?p=1376"},"modified":"2026-03-28T15:24:05","modified_gmt":"2026-03-28T15:24:05","slug":"zagrados-nem-egy-pillanat-alatt-szuletett","status":"publish","type":"post","link":"https:\/\/jimrylie.hu\/blog\/?p=1376","title":{"rendered":"Zagrados nem egy pillanat alatt sz\u00fcletett"},"content":{"rendered":"\n<p class=\"wp-block-paragraph\" style=\"font-size:18px\">A t\u00e9rk\u00e9pe m\u00e1r akkor ott volt a fejemben, amikor 16 \u00e9ves voltam: a kontinensek, a hegygerincek, a krist\u00e1ly legend\u00e1ja, s\u0151t m\u00e9g a h\u0151s \u00fatja is l\u00e9tezett, csak \u00e9pp a h\u0151s maga hi\u00e1nyzott.<\/p>\n\n\n\n<p class=\"wp-block-paragraph\" style=\"font-size:18px\">Pr\u00f3b\u00e1lkoztam.<br>L\u00e9trehoztam egy emberfi\u00fat, elind\u00edtottam egy \u00faton. Egy darabig vitte a t\u00f6rt\u00e9netet, de valami nem m\u0171k\u00f6d\u00f6tt. Nem volt benne az a fajta \u0151szintes\u00e9g, ami ehhez a vil\u00e1ghoz kell. Nem illett a l\u00e9lek lenyomata a vil\u00e1g sz\u00f6vet\u00e9be.<\/p>\n\n\n\n<p class=\"wp-block-paragraph\" style=\"font-size:18px\">A fi\u00fa elbukott.<br>\u00c9s tal\u00e1n furcsa, de ebb\u0151l a buk\u00e1sb\u00f3l sz\u00fcletett meg k\u00e9s\u0151bb Z\u00e1nd\u00e1r a vil\u00e1g egyik legs\u00f6t\u00e9tebb alakja.<\/p>\n\n\n\n<p class=\"wp-block-paragraph\" style=\"font-size:18px\">A h\u0151s m\u00e9g mindig hi\u00e1nyzott.<br>Azt\u00e1n nagyj\u00e1b\u00f3l m\u00e1sf\u00e9l \u00e9vvel ezel\u0151tt, egyetlen j\u00e1t\u00e9kos rajz, egy j\u00e1t\u00e9kos k\u00eds\u00e9rlet k\u00f6zben\u2026 feln\u00e9zett r\u00e1m egy pingvin. Egy \u00fcgyetlen, bizonytalan, m\u00e9gis szerethet\u0151 kis l\u00e9ny. Volt valami a tekintet\u00e9ben. Valami, amit egyetlen kor\u00e1bbi karakterem sem tudott hozni: \u0151szinte t\u00f6r\u00e9kenys\u00e9g \u00e9s bels\u0151 f\u00e9ny egyszerre.<\/p>\n\n\n\n<p class=\"wp-block-paragraph\" style=\"font-size:18px\">Abban a pillanatban meg\u00e9rtettem:<br>\u0150 az, akinek ezt a vil\u00e1got meg\u00e1lmodtam.<\/p>\n\n\n\n<p class=\"wp-block-paragraph\" style=\"font-size:18px\">Zagrados \u00edgy sz\u00fcletett meg v\u00e9gleg: egy vil\u00e1g, ami v\u00e1rt valakire\u2026 \u00e9s egy h\u0151s, aki v\u00e9g\u00fcl meg\u00e9rkezett hozz\u00e1.<\/p>\n","protected":false},"excerpt":{"rendered":"<p>A t\u00e9rk\u00e9pe m\u00e1r akkor ott volt a fejemben, amikor 16 \u00e9ves voltam: a kontinensek, a hegygerincek, a krist\u00e1ly legend\u00e1ja, s\u0151t m\u00e9g a h\u0151s \u00fatja is l\u00e9tezett, csak \u00e9pp a h\u0151s maga hi\u00e1nyzott. Pr\u00f3b\u00e1lkoztam.L\u00e9trehoztam egy emberfi\u00fat, elind\u00edtottam egy \u00faton. Egy darabig vitte a t\u00f6rt\u00e9netet, de valami nem m\u0171k\u00f6d\u00f6tt. Nem volt benne az a fajta \u0151szintes\u00e9g, ami [&hellip;]<\/p>\n","protected":false},"author":1,"featured_media":1378,"comment_status":"open","ping_status":"open","sticky":false,"template":"","format":"standard","meta":{"_crdt_document":"","sfsi_plus_gutenberg_text_before_share":"","sfsi_plus_gutenberg_show_text_before_share":"","sfsi_plus_gutenberg_icon_type":"","sfsi_plus_gutenberg_icon_alignemt":"","sfsi_plus_gutenburg_max_per_row":"","footnotes":"","jetpack_publicize_message":"","jetpack_publicize_feature_enabled":true,"jetpack_social_post_already_shared":true,"jetpack_social_options":{"image_generator_settings":{"template":"highway","default_image_id":0,"font":"","enabled":false},"version":2}},"categories":[11,50],"tags":[44,71,13,18],"class_list":["post-1376","post","type-post","status-publish","format-standard","has-post-thumbnail","hentry","category-kulisszak-mogott","category-vilagepites","tag-alkotas","tag-eredet","tag-vilagepites","tag-zagrados"],"jetpack_publicize_connections":[],"_links":{"self":[{"href":"https:\/\/jimrylie.hu\/blog\/index.php?rest_route=\/wp\/v2\/posts\/1376","targetHints":{"allow":["GET"]}}],"collection":[{"href":"https:\/\/jimrylie.hu\/blog\/index.php?rest_route=\/wp\/v2\/posts"}],"about":[{"href":"https:\/\/jimrylie.hu\/blog\/index.php?rest_route=\/wp\/v2\/types\/post"}],"author":[{"embeddable":true,"href":"https:\/\/jimrylie.hu\/blog\/index.php?rest_route=\/wp\/v2\/users\/1"}],"replies":[{"embeddable":true,"href":"https:\/\/jimrylie.hu\/blog\/index.php?rest_route=%2Fwp%2Fv2%2Fcomments&post=1376"}],"version-history":[{"count":3,"href":"https:\/\/jimrylie.hu\/blog\/index.php?rest_route=\/wp\/v2\/posts\/1376\/revisions"}],"predecessor-version":[{"id":1382,"href":"https:\/\/jimrylie.hu\/blog\/index.php?rest_route=\/wp\/v2\/posts\/1376\/revisions\/1382"}],"wp:featuredmedia":[{"embeddable":true,"href":"https:\/\/jimrylie.hu\/blog\/index.php?rest_route=\/wp\/v2\/media\/1378"}],"wp:attachment":[{"href":"https:\/\/jimrylie.hu\/blog\/index.php?rest_route=%2Fwp%2Fv2%2Fmedia&parent=1376"}],"wp:term":[{"taxonomy":"category","embeddable":true,"href":"https:\/\/jimrylie.hu\/blog\/index.php?rest_route=%2Fwp%2Fv2%2Fcategories&post=1376"},{"taxonomy":"post_tag","embeddable":true,"href":"https:\/\/jimrylie.hu\/blog\/index.php?rest_route=%2Fwp%2Fv2%2Ftags&post=1376"}],"curies":[{"name":"wp","href":"https:\/\/api.w.org\/{rel}","templated":true}]}}