{"id":1666,"date":"2026-08-30T11:32:27","date_gmt":"2026-08-30T11:32:27","guid":{"rendered":"https:\/\/jimrylie.hu\/blog\/?p=1666"},"modified":"2026-08-30T12:24:11","modified_gmt":"2026-08-30T12:24:11","slug":"miert-pont-pingvin-beszelgetes-mr-x-szel-zagrados-szuleteserol","status":"publish","type":"post","link":"https:\/\/jimrylie.hu\/blog\/?p=1666","title":{"rendered":"Mi\u00e9rt pont pingvin? Besz\u00e9lget\u00e9s Mr. X-szel Zagrados sz\u00fclet\u00e9s\u00e9r\u0151l"},"content":{"rendered":"\n<p class=\"wp-block-paragraph\" style=\"font-size:18px\">Egy h\u00fasz\u00e9ves bar\u00e1ts\u00e1g indult \u00fajra a k\u00f6nyv meg\u00edr\u00e1sa nyom\u00e1n.<\/p>\n\n\n\n<p class=\"wp-block-paragraph\" style=\"font-size:18px\">Nem sok emberrel besz\u00e9ltem eddig igaz\u00e1n m\u00e9lyen a munk\u00e1imr\u00f3l. \u0150 az egyik\u00fck. Zagrados sz\u00fclet\u00e9s\u00e9n\u00e9l is jelen volt, \u00e9s most, amikor ez a t\u00f6rt\u00e9net lassan val\u00f3ban elindul a saj\u00e1t \u00fatj\u00e1n, \u00fajra r\u00e1n\u00e9z arra, amit l\u00e9trehoztam.<\/p>\n\n\n\n<p class=\"wp-block-paragraph\" style=\"font-size:18px\">K\u00e9s\u0151bb m\u00e9g fogok besz\u00e9lni r\u00f3la, de egyel\u0151re fedje f\u00e1tyol a szem\u00e9ly\u00e9t. Legyen most egyszer\u0171en <strong>Mr. X<\/strong>.<\/p>\n\n\n\n<p class=\"wp-block-paragraph\" style=\"font-size:18px\">Egy r\u00e9gi bar\u00e1tommal folytatott besz\u00e9lget\u00e9st osztok meg veletek. Egyfajta szem\u00e9lyes interj\u00fat, ha \u00fagy tetszik. Olyan ember k\u00e9rdez, aki r\u00e9g\u00f3ta ismer, \u00e9s aki bizonyos dolgokra tal\u00e1n eg\u00e9szen m\u00e1s szemmel n\u00e9z r\u00e1, mint \u00e9n.<\/p>\n\n\n\n<p class=\"wp-block-paragraph\" style=\"font-size:18px\"><em>A besz\u00e9lget\u00e9st az olvashat\u00f3s\u00e1g kedv\u00e9\u00e9rt nyelvileg \u00e9s formailag szerkesztettem, a gondolatmenet \u00e9s az elhangzott v\u00e9lem\u00e9nyek megtart\u00e1s\u00e1val.<\/em><\/p>\n\n\n\n<hr class=\"wp-block-separator has-alpha-channel-opacity\"\/>\n\n\n\n<h3 class=\"wp-block-heading\" style=\"font-size:18px\"><strong>Mr. X:<\/strong><\/h3>\n\n\n\n<p class=\"wp-block-paragraph\" style=\"font-size:18px\">Tudom, hogy ezt valahol m\u00e1r r\u00e9szletezted, de m\u00e9g mindig nem teljesen tiszta el\u0151ttem a v\u00e1lasz: mi\u00e9rt pingvin? Mi\u00e9rt pont a pingvinek lettek a t\u00f6rt\u00e9net k\u00f6zponti n\u00e9pe?<\/p>\n\n\n\n<h3 class=\"wp-block-heading\" style=\"font-size:18px\"><strong>Jim R.:<\/strong><\/h3>\n\n\n\n<p class=\"wp-block-paragraph\" style=\"font-size:18px\">Ezt t\u00e9nyleg el\u00e9g hosszan r\u00e9szleteztem m\u00e1r. Szerintem az elej\u00e9n tal\u00e1n ezt fejtegettem a legt\u00f6bbet. De a kedved\u00e9rt megpr\u00f3b\u00e1lom \u00f6sszefoglalni.<\/p>\n\n\n\n<p class=\"wp-block-paragraph\" style=\"font-size:18px\">Valahogy \u00fagy kezd\u0151d\u00f6tt, hogy m\u00e1r egy ideje rajzolgattam. M\u00e1rmint pr\u00f3b\u00e1lgattam magam. K\u00e9sz\u00edtettem p\u00e9ld\u00e1ul egy kifest\u0151t az Amazonra is \u2013 az m\u00e1r nem el\u00e9rhet\u0151, gyakorlatilag ahogy megjelent, inaktiv\u00e1ltam \u2013, dolgozgattam Photoshoppal \u00e9s mindenf\u00e9l\u00e9vel, \u00e9s k\u00fcl\u00f6nb\u00f6z\u0151 karakterekkel k\u00eds\u00e9rleteztem.<\/p>\n\n\n\n<p class=\"wp-block-paragraph\" style=\"font-size:18px\">Csak \u00fagy, j\u00e1t\u00e9kb\u00f3l.<\/p>\n\n\n\n<p class=\"wp-block-paragraph\" style=\"font-size:18px\">Hogy milyen lenne ez egy k\u00f6nyvben.<\/p>\n\n\n\n<p class=\"wp-block-paragraph\" style=\"font-size:18px\">Csakhogy akkor m\u00e9g nem \u00edrtam k\u00f6nyvet.<\/p>\n\n\n\n<p class=\"wp-block-paragraph\" style=\"font-size:18px\">Nem felt\u00e9tlen\u00fcl terveztem m\u00e9g ekkor, hogy egyszer csak le\u00fcl\u00f6k, \u00e9s t\u00e9nyleg meg\u00edrok egy t\u00f6rt\u00e9netet. Egyszer\u0171en karaktereket tervezgettem, k\u00e9peket k\u00e9sz\u00edtettem \u00e9s gener\u00e1ltam, pr\u00f3b\u00e1lgattam, mi m\u0171k\u00f6dik.<\/p>\n\n\n\n<p class=\"wp-block-paragraph\" style=\"font-size:18px\">Tudod, az a fajta gondolkod\u00e1s volt, hogy:<\/p>\n\n\n\n<p class=\"wp-block-paragraph\" style=\"font-size:18px\"><em>\u201eMilyen lenne, ha\u2026?\u201d<\/em><\/p>\n\n\n\n<p class=\"wp-block-paragraph\" style=\"font-size:18px\">\u00c9s egyszer csak bevillant:<\/p>\n\n\n\n<p class=\"wp-block-paragraph\" style=\"font-size:18px\"><strong>Milyen lenne egy pingvin lovagk\u00e9nt?<\/strong><\/p>\n\n\n\n<p class=\"wp-block-paragraph\" style=\"font-size:18px\">T\u00e9nyleg csak ennyi volt.<\/p>\n\n\n\n<p class=\"wp-block-paragraph\" style=\"font-size:18px\">Egy gondolat.<\/p>\n\n\n\n<p class=\"wp-block-paragraph\" style=\"font-size:18px\">Elkezdtem k\u00e9peket k\u00e9sz\u00edteni hozz\u00e1.<\/p>\n\n\n\n<p class=\"wp-block-paragraph\" style=\"font-size:18px\">K\u00e9sz\u00edtettem egyet. Azt\u00e1n m\u00e9g egyet. \u00c9s m\u00e9g egyet.<\/p>\n\n\n\n<p class=\"wp-block-paragraph\" style=\"font-size:18px\">\u00dajra \u00e9s \u00fajra pr\u00f3b\u00e1lkoztam, m\u00edg egyszer csak megjelent egy karakter.<\/p>\n\n\n\n<p class=\"wp-block-paragraph\" style=\"font-size:18px\">M\u00e9g nem a mostani f\u0151h\u0151s volt, de m\u00e1r volt benne valami abb\u00f3l, amib\u0151l k\u00e9s\u0151bb a saj\u00e1t karakteremet form\u00e1ltam. Mondhatjuk \u00fagy, hogy Pip\u00f3 egyik legels\u0151 \u0151se vagy v\u00e1ltozata volt.<\/p>\n\n\n\n<p class=\"wp-block-paragraph\" style=\"font-size:18px\">Egy\u00e9bk\u00e9nt szinte minden szerepl\u0151 t\u00f6bb verzi\u00f3n ment kereszt\u00fcl. Taruknak, Pip\u00f3 \u00e9desapj\u00e1nak p\u00e9ld\u00e1ul h\u00e1rom k\u00fcl\u00f6nb\u00f6z\u0151 megjelen\u00e9se is volt, mire megkapta a v\u00e9gleges form\u00e1j\u00e1t.<\/p>\n\n\n\n<p class=\"wp-block-paragraph\" style=\"font-size:18px\">De akkor ott volt el\u0151ttem ez a kis pingvin.<\/p>\n\n\n\n<p class=\"wp-block-paragraph\" style=\"font-size:18px\">A fej\u00e9re raktam egy tekn\u0151sp\u00e1nc\u00e9lb\u00f3l k\u00e9sz\u00fclt sisakot, a h\u00e1t\u00e1ra egy fakardot, a sz\u00e1rny\u00e1ba pedig egy nagy pajzsot.<\/p>\n\n\n\n<p class=\"wp-block-paragraph\" style=\"font-size:18px\">\u00c9s csak n\u00e9ztem.<\/p>\n\n\n\n<p class=\"wp-block-paragraph\" style=\"font-size:18px\">\u00dcltem a g\u00e9p el\u0151tt, n\u00e9ztem a k\u00e9pet, \u00e9s egyszer csak feltettem magamnak a k\u00e9rd\u00e9st:<\/p>\n\n\n\n<p class=\"wp-block-paragraph\" style=\"font-size:18px\"><strong>Hogyan jut el od\u00e1ig egy pingvin, hogy mindez n\u00e1la legyen?<\/strong><\/p>\n\n\n\n<p class=\"wp-block-paragraph\" style=\"font-size:18px\">Ez valami\u00e9rt nagyon er\u0151sen megfogott.<\/p>\n\n\n\n<p class=\"wp-block-paragraph\" style=\"font-size:18px\">T\u00e9nyleg j\u00f6tt bel\u0151lem a k\u00e9rd\u00e9s:<\/p>\n\n\n\n<p class=\"wp-block-paragraph\" style=\"font-size:18px\"><em>Min kellett kereszt\u00fclmennie ennek a kis l\u00e9nynek ahhoz, hogy egyszer ezek a t\u00e1rgyak n\u00e1la legyenek?<\/em><\/p>\n\n\n\n<p class=\"wp-block-paragraph\" style=\"font-size:18px\">\u00c9s onnant\u00f3l elkezdtek j\u00f6nni a tov\u00e1bbi k\u00e9rd\u00e9sek.<\/p>\n\n\n\n<p class=\"wp-block-paragraph\" style=\"font-size:18px\">Honnan sz\u00e1rmazik?<\/p>\n\n\n\n<p class=\"wp-block-paragraph\" style=\"font-size:18px\">Milyen n\u00e9phez tartozik? Mit csin\u00e1l ez a n\u00e9p? Hogyan \u00e9l?<\/p>\n\n\n\n<p class=\"wp-block-paragraph\" style=\"font-size:18px\">Mi\u00e9rt fakard?<\/p>\n\n\n\n<p class=\"wp-block-paragraph\" style=\"font-size:18px\">Mi\u00e9rt pont ez a pajzs?<\/p>\n\n\n\n<p class=\"wp-block-paragraph\" style=\"font-size:18px\">Mi\u00e9rt pont ez a sisak?<\/p>\n\n\n\n<p class=\"wp-block-paragraph\" style=\"font-size:18px\">Egyik k\u00e9rd\u00e9s hozta a m\u00e1sikat. Mentek tov\u00e1bb \u00e9s tov\u00e1bb.<\/p>\n\n\n\n<p class=\"wp-block-paragraph\" style=\"font-size:18px\">\u00c9s egyszer csak azon vettem \u00e9szre magam, hogy mik\u00f6zben keresem a v\u00e1laszokat \u2013 \u00e9s r\u00e1ad\u00e1sul nagyon tetszenek azok a v\u00e1laszok, amelyek elkezdenek megsz\u00fcletni bennem \u2013, nemcsak egy karakter kezd kialakulni el\u0151ttem.<\/p>\n\n\n\n<p class=\"wp-block-paragraph\" style=\"font-size:18px\">Valami sokkal nagyobb is.<\/p>\n\n\n\n<p class=\"wp-block-paragraph\" style=\"font-size:18px\">K\u00f6zben pedig r\u00e1j\u00f6ttem valamire saj\u00e1t magammal kapcsolatban.<\/p>\n\n\n\n<p class=\"wp-block-paragraph\" style=\"font-size:18px\">Nagyon szeretem a kontrasztokat.<\/p>\n\n\n\n<p class=\"wp-block-paragraph\" style=\"font-size:18px\">Nagyon-nagyon szeretem az egym\u00e1ssal szembe\u00e1ll\u00edtott dolgokat.<\/p>\n\n\n\n<p class=\"wp-block-paragraph\" style=\"font-size:18px\">A pingvin \u00e9s a lovag k\u00f6z\u00f6tt pedig eleve van egy hatalmas kontraszt. Tal\u00e1n \u00e9ppen ez fogott meg benne ennyire.<\/p>\n\n\n\n<p class=\"wp-block-paragraph\" style=\"font-size:18px\">K\u00e9s\u0151bb azt\u00e1n az eg\u00e9sz t\u00f6rt\u00e9netben elkezdtem felismerni ugyanezt.<\/p>\n\n\n\n<p class=\"wp-block-paragraph\" style=\"font-size:18px\">A puhas\u00e1g \u00e9s a m\u00e9lys\u00e9g.<\/p>\n\n\n\n<p class=\"wp-block-paragraph\" style=\"font-size:18px\">A fekete \u00e9s a feh\u00e9r, ahogyan maga a pingvin is fekete-feh\u00e9r.<\/p>\n\n\n\n<p class=\"wp-block-paragraph\" style=\"font-size:18px\">A pingvin \u00e9s a lovag.<\/p>\n\n\n\n<p class=\"wp-block-paragraph\" style=\"font-size:18px\">A kicsi \u00e9s az epikus.<\/p>\n\n\n\n<p class=\"wp-block-paragraph\" style=\"font-size:18px\">Egy szerethet\u0151, esetlennek t\u0171n\u0151 kis l\u00e9ny \u00e9s egy n\u00e1la sokkal nagyobb, vesz\u00e9lyesebb vil\u00e1g.<\/p>\n\n\n\n<p class=\"wp-block-paragraph\" style=\"font-size:18px\">Rengeteg ilyen egym\u00e1snak fesz\u00fcl\u0151 dolog van a k\u00f6nyvben.<\/p>\n\n\n\n<p class=\"wp-block-paragraph\" style=\"font-size:18px\">Amikor pedig m\u00e1r kezdtek meglenni a v\u00e1laszaim arra, hogyan t\u00f6rt\u00e9nhetett mindez , m\u00e9g ha eleinte csak r\u00e9szlegesen is , \u00fajabb k\u00e9rd\u00e9sek k\u00f6vetkeztek.<\/p>\n\n\n\n<p class=\"wp-block-paragraph\" style=\"font-size:18px\">Rendben.<\/p>\n\n\n\n<p class=\"wp-block-paragraph\" style=\"font-size:18px\">Lovag lesz egy pingvin.<\/p>\n\n\n\n<p class=\"wp-block-paragraph\" style=\"font-size:18px\">De <strong>hogyan<\/strong> lesz lovag?<\/p>\n\n\n\n<p class=\"wp-block-paragraph\" style=\"font-size:18px\">Hov\u00e1 megy?<\/p>\n\n\n\n<p class=\"wp-block-paragraph\" style=\"font-size:18px\">Kik a bar\u00e1tai?<\/p>\n\n\n\n<p class=\"wp-block-paragraph\" style=\"font-size:18px\">\u00c9s kik lehetnek az ellens\u00e9gei?<\/p>\n\n\n\n<p class=\"wp-block-paragraph\" style=\"font-size:18px\">Egy\u00e1ltal\u00e1n: milyen ellens\u00e9ge lehet egy pingvinnek Zagrados \u00e9szaki r\u00e9sz\u00e9n?<\/p>\n\n\n\n<p class=\"wp-block-paragraph\" style=\"font-size:18px\">Nem adhattam egyszer\u0171en azt a v\u00e1laszt, hogy egy gyilkos b\u00e1lna vagy egy f\u00f3ka.<\/p>\n\n\n\n<p class=\"wp-block-paragraph\" style=\"font-size:18px\">\u00c9rted\u2026 nekem olyan valamire volt sz\u00fcks\u00e9gem, ami belef\u00e9r egy m\u00e9lyebb fantasyvil\u00e1gba, \u00e9s ami egyben a kezdete lehet annak a komolyabb, m\u00e9lyebb t\u00f6rt\u00e9netnek, amit el akartam mes\u00e9lni.<\/p>\n\n\n\n<p class=\"wp-block-paragraph\" style=\"font-size:18px\">K\u00f6zben arra is r\u00e1j\u00f6ttem, hogy maga a pingvin mennyire kihaszn\u00e1latlan ahhoz k\u00e9pest, hogy mennyi lehet\u0151s\u00e9g rejlik benne.<\/p>\n\n\n\n<p class=\"wp-block-paragraph\" style=\"font-size:18px\">Apak\u00e9nt az\u00e9rt el\u00e9g gyakran megfordulok j\u00e1t\u00e9kboltokban.<\/p>\n\n\n\n<p class=\"wp-block-paragraph\" style=\"font-size:18px\">\u00c9s azt vettem \u00e9szre, hogy nincs igaz\u00e1n olyan nagy pingvines t\u00f6rt\u00e9net, amely a pingvint mint fajt kiemeln\u00e9 egy \u00e1tlagos, aranyos mesei mell\u00e9kszerepl\u0151 helyzet\u00e9b\u0151l, \u00e9s azt mondan\u00e1:<\/p>\n\n\n\n<p class=\"wp-block-paragraph\" style=\"font-size:18px\"><strong>rendben, most \u0151 ker\u00fcl a k\u00f6z\u00e9ppontba.<\/strong><\/p>\n\n\n\n<p class=\"wp-block-paragraph\" style=\"font-size:18px\">Persze vannak pingvines j\u00e1t\u00e9kok, figur\u00e1k \u00e9s szerepl\u0151k, de \u00e9n nem nagyon tal\u00e1lkoztam olyan vil\u00e1ggal, amely igaz\u00e1n nagy t\u00f6rt\u00e9netet \u00e9p\u00edtett volna k\u00f6r\u00e9j\u00fck.<\/p>\n\n\n\n<p class=\"wp-block-paragraph\" style=\"font-size:18px\">\u00c9s k\u00f6zben azt \u00e9reztem, hogy ebben az \u00e1llatban pedig rengeteg lehet\u0151s\u00e9g van.<\/p>\n\n\n\n<p class=\"wp-block-paragraph\" style=\"font-size:18px\">Nem tudom, \u00edgy m\u00e1r \u00e9rthet\u0151bb-e sz\u00e1modra.<\/p>\n\n\n\n<p class=\"wp-block-paragraph\" style=\"font-size:18px\">N\u00e1lam ezek a dolgok lassan elkezdtek \u00f6ssze\u00e1llni.<\/p>\n\n\n\n<p class=\"wp-block-paragraph\" style=\"font-size:18px\">Mintha k\u00fcl\u00f6n\u00e1ll\u00f3 gyurmadarabok egyszer csak egyetlen form\u00e1v\u00e1 t\u00f6m\u00f6r\u00fcltek volna.<\/p>\n\n\n\n<p class=\"wp-block-paragraph\" style=\"font-size:18px\">\u00c9s akkor azt mondtam:<\/p>\n\n\n\n<p class=\"wp-block-paragraph\" style=\"font-size:18px\"><strong>J\u00f3. Akkor \u00e9n ezt megcsin\u00e1lom.<\/strong><\/p>\n\n\n\n<p class=\"wp-block-paragraph\" style=\"font-size:18px\">\u00dagy \u00e9reztem, r\u00e1tapintottam valamire.<\/p>\n\n\n\n<p class=\"wp-block-paragraph\" style=\"font-size:18px\">Valamire, amib\u0151l tal\u00e1n siker\u00fclhet valami sz\u00e9pet alkotnom.<\/p>\n\n\n\n<p class=\"wp-block-paragraph\" style=\"font-size:18px\">Persze csak akkor, ha nem rontom el.<\/p>\n\n\n\n<p class=\"wp-block-paragraph\" style=\"font-size:18px\">\u00c9s onnant\u00f3l valahogy belekapaszkodtam ebbe a n\u00e9pbe.<\/p>\n\n\n\n<p class=\"wp-block-paragraph\" style=\"font-size:18px\">Zagradosban term\u00e9szetesen sok minden m\u00e1s is van a pingvineken k\u00edv\u00fcl, ami szerintem \u00e9rdekes, de ennek a t\u00f6rt\u00e9netnek most \u0151k lesznek a k\u00f6zponti szerepl\u0151i.<\/p>\n\n\n\n<p class=\"wp-block-paragraph\" style=\"font-size:18px\">Nagyj\u00e1b\u00f3l ennyi minden jutott most hirtelen eszembe.<\/p>\n\n\n\n<p class=\"wp-block-paragraph\" style=\"font-size:18px\">Biztosan volt m\u00e9g m\u00e1s is.<\/p>\n\n\n\n<p class=\"wp-block-paragraph\" style=\"font-size:18px\">Pont ez\u00e9rt pr\u00f3b\u00e1lok egy\u00e9bk\u00e9nt mindent le\u00edrni, ami eszembe jut.<\/p>\n\n\n\n<p class=\"wp-block-paragraph\" style=\"font-size:18px\">Mert az eg\u00e9sz els\u0151 gondolata m\u00e1r k\u00e9t vagy k\u00e9t \u00e9s f\u00e9l \u00e9ve pattant ki a fejemb\u0151l. Ha \u00e9n ezeket nem \u00edrom le, fogalmam sincs, \u00e9vekkel k\u00e9s\u0151bb mire eml\u00e9kezn\u00e9k pontosan.<\/p>\n\n\n\n<p class=\"wp-block-paragraph\" style=\"font-size:18px\">R\u00e9szben ez\u00e9rt blogolok.<\/p>\n\n\n\n<p class=\"wp-block-paragraph\" style=\"font-size:18px\">Ha valaki egyszer megk\u00e9rdezi:<\/p>\n\n\n\n<p class=\"wp-block-paragraph\" style=\"font-size:18px\"><em>\u201eFigyelj, mi\u00e9rt kezdted el?\u201d<\/em><\/p>\n\n\n\n<p class=\"wp-block-paragraph\" style=\"font-size:18px\">\u2026nem biztos, hogy azonnal r\u00e1 tudom v\u00e1gni az \u00f6sszes akkori ind\u00edt\u00e9komat. \ud83d\ude42<\/p>\n\n\n\n<p class=\"wp-block-paragraph\" style=\"font-size:18px\">A blogon viszont ott maradnak.<\/p>\n\n\n\n<p class=\"wp-block-paragraph\" style=\"font-size:18px\">Sz\u00e9pen vissza lehet n\u00e9zni mindent.<\/p>\n\n\n\n<p class=\"wp-block-paragraph\" style=\"font-size:18px\">\u00c9s egy\u00e9bk\u00e9nt min\u00e9l t\u00f6bbet foglalkozom a pingvinekkel, ann\u00e1l jobban megszeretem \u0151ket. <\/p>\n\n\n\n<p class=\"wp-block-paragraph\" style=\"font-size:18px\">Mert a pingvin nagyon tipikusan olyan \u00e1llat, amelynek van egyfajta t\u00e1rsadalma, \u00f6sszetart\u00e1sa. T\u00e1rsas l\u00e9nyek, nagy k\u00f6z\u00f6ss\u00e9gekben \u00e9lnek, egym\u00e1s k\u00f6zels\u00e9g\u00e9re vannak utalva.<\/p>\n\n\n\n<p class=\"wp-block-paragraph\" style=\"font-size:18px\">Valahogy \u0151k jelentik sz\u00e1momra a <strong>melegs\u00e9get egy hideg vil\u00e1gban<\/strong>.<\/p>\n\n\n\n<p class=\"wp-block-paragraph\" style=\"font-size:18px\">\u00c9s emiatt ut\u00f3lag egy csom\u00f3 minden elk\u00e9peszt\u0151en j\u00f3l passzol ahhoz a t\u00f6rt\u00e9nethez, amit \u00edrok.<\/p>\n\n\n\n<p class=\"wp-block-paragraph\" style=\"font-size:18px\">De ezek m\u00e1r hozz\u00e1adott dolgok.<\/p>\n\n\n\n<p class=\"wp-block-paragraph\" style=\"font-size:18px\">Olyan r\u00e9tegek, amelyek k\u00e9s\u0151bb \u00e9p\u00fcltek r\u00e1 az eredeti \u00f6tletre.<\/p>\n\n\n\n<p class=\"wp-block-paragraph\" style=\"font-size:18px\">Ha viszont egyetlen mondatban kellene v\u00e1laszolnom arra, hogy mi\u00e9rt pont pingvin, akkor azt mondan\u00e1m:<\/p>\n\n\n\n<p class=\"wp-block-paragraph\" style=\"font-size:18px\"><strong>Eredetileg a karakter volt. A f\u0151h\u0151s k\u00e9pe ind\u00edtott el ezen az \u00faton. Megl\u00e1ttam egy kis pingvint lovagk\u00e9nt, \u00e9s tudni akartam, hogyan jutott el od\u00e1ig.<\/strong><\/p>\n\n\n\n<hr class=\"wp-block-separator has-alpha-channel-opacity\"\/>\n\n\n\n<h3 class=\"wp-block-heading\" style=\"font-size:18px\"><strong>Mr. X:<\/strong><\/h3>\n\n\n\n<p class=\"wp-block-paragraph\" style=\"font-size:18px\">Nagyj\u00e1b\u00f3l akkor j\u00f3l eml\u00e9keztem, mert tov\u00e1bbra is \u00fagy \u00e9rzem, hogy nem kaptam teljes v\u00e1laszt. \ud83d\ude00<\/p>\n\n\n\n<p class=\"wp-block-paragraph\" style=\"font-size:18px\">Mert arra, hogy <em>mi\u00e9rt pingvin<\/em>, tulajdonk\u00e9ppen annyit mondt\u00e1l el, hogy egyszer csak bevillant neked egy karakter fakarddal \u00e9s pajzzsal.<\/p>\n\n\n\n<p class=\"wp-block-paragraph\" style=\"font-size:18px\">De hogy konkr\u00e9tan mi\u00e9rt \u00e9ppen <strong>ez az \u00e1llatfaj<\/strong>, az sz\u00e1momra m\u00e9g mindig nincs teljesen megv\u00e1laszolva.<\/p>\n\n\n\n<p class=\"wp-block-paragraph\" style=\"font-size:18px\">Igaz\u00e1b\u00f3l nekem van err\u0151l egy saj\u00e1t gondolatom.<\/p>\n\n\n\n<p class=\"wp-block-paragraph\" style=\"font-size:18px\">Az \u00e1llatmese mint forma nagyon r\u00e9gi.<\/p>\n\n\n\n<p class=\"wp-block-paragraph\" style=\"font-size:18px\">Ott vannak a nyulakr\u00f3l sz\u00f3l\u00f3 t\u00f6rt\u00e9netek, a b\u00e9kakir\u00e1ly, \u00e9s m\u00e9g rengeteg m\u00e1s mese. Mindenf\u00e9le \u00e1llatokat szem\u00e9lyes\u00edt\u00fcnk meg, emberi tulajdons\u00e1gokat, gondolatokat \u00e9s \u00e9rz\u00e9seket adunk nekik.<\/p>\n\n\n\n<p class=\"wp-block-paragraph\" style=\"font-size:18px\">\u00c9n ezt valamilyen szinten az animizmus nagyon r\u00e9gi gondolat\u00e1val is \u00f6sszek\u00f6t\u00f6m.<\/p>\n\n\n\n<p class=\"wp-block-paragraph\" style=\"font-size:18px\">Mindennek ami k\u00f6r\u00f6l\u00f6tt\u00fcnk van, &#8211; egy\u00e9bk\u00e9nt ez az \u0151sember vall\u00e1sa &#8211; sz\u00f3val mindennek ami k\u00f6r\u00f6l\u00f6tt\u00fcnk van, lelke van, az \u00e1llatoknak is.<\/p>\n\n\n\n<p class=\"wp-block-paragraph\" style=\"font-size:18px\">Szellem van benn\u00fck \u00e9s ugyan\u00fagy \u00e9reznek mint mi \u00e9s ugyan\u00fagy gondolkodnak mint mi csak m\u00e1sok.<\/p>\n\n\n\n<p class=\"wp-block-paragraph\" style=\"font-size:18px\">Innen j\u00f6nnek az \u00e1llatmes\u00e9ink, ez\u00e9rt \u00edrunk \u00e1llat mes\u00e9t. Mert ez egy \u0151si \u00f6szt\u00f6n \u00e9s a gyermekeink sz\u00e1m\u00e1ra ennek az \u0151si \u00f6szt\u00f6nnek enged\u00fcnk tulajdonk\u00e9ppen.<\/p>\n\n\n\n<p class=\"wp-block-paragraph\" style=\"font-size:18px\">Ez az egyik leg\u0151sibb emberi vil\u00e1gk\u00e9p. Leegyszer\u0171s\u00edtve ak\u00e1r \u00fagy is mondhatn\u00e1nk, hogy valami olyasmi, ahogyan az \u0151si ember a k\u00f6r\u00fcl\u00f6tte l\u00e9v\u0151 vil\u00e1got \u00e9rtelmezhette.<\/p>\n\n\n\n<p class=\"wp-block-paragraph\" style=\"font-size:18px\">\u00c9n valahol ehhez k\u00f6t\u00f6m az \u00e1llatmes\u00e9k eredet\u00e9t is.<\/p>\n\n\n\n<p class=\"wp-block-paragraph\" style=\"font-size:18px\">De ez m\u00e1r az \u00e9n saj\u00e1t gondolati hozz\u00e1f\u0171z\u00e9sem ahhoz, amit az animizmusr\u00f3l olvastam, p\u00e9ld\u00e1ul Yuval Noah Harari k\u00f6nyv\u00e9ben. Ehhez kapcsolom hozz\u00e1 a saj\u00e1t elk\u00e9pzel\u00e9semet arr\u00f3l, hogy az \u00e1llatmese mint jelens\u00e9g mit is jelenthet.<\/p>\n\n\n\n<p class=\"wp-block-paragraph\" style=\"font-size:18px\">De ett\u0151l m\u00e9g a k\u00e9rd\u00e9sem ugyanaz:<\/p>\n\n\n\n<p class=\"wp-block-paragraph\" style=\"font-size:18px\"><strong>mi\u00e9rt pingvin?<\/strong><\/p>\n\n\n\n<p class=\"wp-block-paragraph\" style=\"font-size:18px\">Maga a pingvin egy hal\u00e1sz\u00f3 mad\u00e1r.<\/p>\n\n\n\n<p class=\"wp-block-paragraph\" style=\"font-size:18px\">A v\u00edzben elk\u00e9peszt\u0151en \u00fcgyes, a sz\u00e1razf\u00f6ld\u00f6n viszont a mi szem\u00fcnkkel n\u00e9zve teszetosza, billeg\u0151, n\u00e9ha kifejezetten szerencs\u00e9tlenked\u0151 kis j\u00f3sz\u00e1g.<\/p>\n\n\n\n<p class=\"wp-block-paragraph\" style=\"font-size:18px\">Val\u00f3ban nagy t\u00f6megekben, kol\u00f3ni\u00e1kban \u00e9l, mint sz\u00e1mos m\u00e1s mad\u00e1rfaj.<\/p>\n\n\n\n<p class=\"wp-block-paragraph\" style=\"font-size:18px\">\u00c9s ha m\u00e1r madarak: a mai madarak \u2013 \u00edgy term\u00e9szetesen a pingvinek is \u2013 a theropoda dinoszauruszok fennmaradt lesz\u00e1rmaz\u00e1si vonal\u00e1hoz tartoznak.<\/p>\n\n\n\n<p class=\"wp-block-paragraph\" style=\"font-size:18px\">\u00c9n pedig nagyon szeretem a dinoszauruszokat. \ud83d\ude42<\/p>\n\n\n\n<p class=\"wp-block-paragraph\" style=\"font-size:18px\">De igaz\u00e1b\u00f3l az\u00e9rt tettem fel neked ezt a k\u00e9rd\u00e9st, mert \u00e9n mindig is \u00fagy ismertelek, mint egy fantasyt szeret\u0151 embert.<\/p>\n\n\n\n<p class=\"wp-block-paragraph\" style=\"font-size:18px\">Egy fantasy szeret\u0151 ember, nagy vil\u00e1gokat l\u00e1t\u00f3, v\u00edzion\u00e1l\u00f3, epikus t\u00f6rt\u00e9ntekbe belevesz\u0151 ember.<\/p>\n\n\n\n<p class=\"wp-block-paragraph\" style=\"font-size:18px\">Teh\u00e1t t\u00e9ged k\u00f6nnyed\u00e9n elvar\u00e1zsoltak sz\u00f3 szerint ezek a t\u00f6rt\u00e9netek.<\/p>\n\n\n\n<p class=\"wp-block-paragraph\" style=\"font-size:18px\">Engem is egy\u00e9bk\u00e9nt, de tal\u00e1n t\u00e9ged jobban.<\/p>\n\n\n\n<p class=\"wp-block-paragraph\" style=\"font-size:18px\">\u00c9s ez\u00e9rt \u00e9rdekes sz\u00e1momra, hogy te mindezt egy \u00e1llatmese k\u00f6r\u00e9 \u00e9p\u00edted.<\/p>\n\n\n\n<p class=\"wp-block-paragraph\" style=\"font-size:18px\">Mert f\u00e9lre ne \u00e9rts.<\/p>\n\n\n\n<p class=\"wp-block-paragraph\" style=\"font-size:18px\">Az \u00e1llatmese \u00f6nmag\u00e1ban teljes m\u00e9rt\u00e9kben meg\u00e1llja a hely\u00e9t.<\/p>\n\n\n\n<p class=\"wp-block-paragraph\" style=\"font-size:18px\">A <em>V\u00edzip\u00f3k-csodap\u00f3k<\/em> is nagyon j\u00f3. Annak is megvan a maga t\u00f6rt\u00e9nete \u00e9s vil\u00e1ga.<\/p>\n\n\n\n<p class=\"wp-block-paragraph\" style=\"font-size:18px\">A <em>Dr. Bub\u00f3<\/em> szint\u00e9n.<\/p>\n\n\n\n<p class=\"wp-block-paragraph\" style=\"font-size:18px\">Ezek j\u00f3 mes\u00e9k \u00e9s \u00e9rt\u00e9kes m\u0171v\u00e9szi alkot\u00e1sok.<\/p>\n\n\n\n<p class=\"wp-block-paragraph\" style=\"font-size:18px\">Csakhogy te\u2026<\/p>\n\n\n\n<p class=\"wp-block-paragraph\" style=\"font-size:18px\">Te egy \u00e1llatmese k\u00f6r\u00e9 egy <strong>nagyon-nagyon komoly univerzumot<\/strong> \u00e9p\u00edtesz.<\/p>\n\n\n\n<p class=\"wp-block-paragraph\" style=\"font-size:18px\">Egy m\u00e9ly fantasyvil\u00e1got.<\/p>\n\n\n\n<p class=\"wp-block-paragraph\" style=\"font-size:18px\">\u00c9s az \u00e9n fejemben ez a kett\u0151 m\u00e9g nem teljesen \u00e1ll \u00f6ssze.<\/p>\n\n\n\n<p class=\"wp-block-paragraph\" style=\"font-size:18px\">Lehet, hogy egyszer\u0171en az\u00e9rt, mert m\u00e9g soha nem l\u00e1ttam ilyet.<\/p>\n\n\n\n<p class=\"wp-block-paragraph\" style=\"font-size:18px\">\u00c9n arra gondoltam, hogy tal\u00e1n annak is szerepe van ebben, hogy gyerekeid lettek.<\/p>\n\n\n\n<p class=\"wp-block-paragraph\" style=\"font-size:18px\">Az aranyosabb, kedvesebb, \u201ecuki\u201d dolgok sokkal er\u0151sebben az \u00e9leted r\u00e9sz\u00e9v\u00e9 v\u00e1ltak, mint valakinek, akinek nincsenek gyerekei.<\/p>\n\n\n\n<p class=\"wp-block-paragraph\" style=\"font-size:18px\">\u00c9s tal\u00e1n ez \u00fct\u00f6tt be n\u00e1lad.<\/p>\n\n\n\n<p class=\"wp-block-paragraph\" style=\"font-size:18px\">Tal\u00e1n szerett\u00e9l volna egy aranyos, szerethet\u0151 karaktert.<\/p>\n\n\n\n<p class=\"wp-block-paragraph\" style=\"font-size:18px\">\u00c9s igen, abban szerintem igazad van, hogy a pingvin nincs annyira elterjedve ilyen szerepben. M\u00e9g a Disney vil\u00e1g\u00e1ban sem \u00e9rzem azt, hogy igaz\u00e1n lenne egy olyan nagy pingvines t\u00f6rt\u00e9net, amely k\u00f6r\u00e9 egy eg\u00e9sz komoly vil\u00e1g \u00e9p\u00fclne.<\/p>\n\n\n\n<p class=\"wp-block-paragraph\" style=\"font-size:18px\">Nekem valahogy \u00fagy \u00e1ll \u00f6ssze a k\u00e9p, hogy:<\/p>\n\n\n\n<p class=\"wp-block-paragraph\" style=\"font-size:18px\"><strong>apukak\u00e9nt ott vannak benned a pingvinek, a fiatal S\u00e1pi Imr\u00e9ben pedig ott van a durv\u00e1n m\u00e9ly fantasy.<\/strong><\/p>\n\n\n\n<p class=\"wp-block-paragraph\" style=\"font-size:18px\">\u00c9s te ezt a kett\u0151t pr\u00f3b\u00e1lod \u00f6sszerakni.<\/p>\n\n\n\n<p class=\"wp-block-paragraph\" style=\"font-size:18px\">H\u00e1t, nem tudom.<\/p>\n\n\n\n<p class=\"wp-block-paragraph\" style=\"font-size:18px\">\u00c9n nem tudn\u00e1m ezt \u00f6sszetenni.<\/p>\n\n\n\n<p class=\"wp-block-paragraph\" style=\"font-size:18px\">\u00c9s egyel\u0151re teljesen meg\u00e9rteni sem nagyon tudom.<\/p>\n\n\n\n<p class=\"wp-block-paragraph\" style=\"font-size:18px\">Nekem \u00f6nmag\u00e1ban ez a pingvines oldal m\u00e9g ink\u00e1bb csak gyermeki szemmel \u00e9rtelmezhet\u0151.<\/p>\n\n\n\n<hr class=\"wp-block-separator has-alpha-channel-opacity\"\/>\n\n\n\n<h3 class=\"wp-block-heading\" style=\"font-size:18px\"><strong>Jim R.:<\/strong><\/h3>\n\n\n\n<p class=\"wp-block-paragraph\" style=\"font-size:18px\">Azt kell mondanom, hogy amit most elmondt\u00e1l, szinte t\u00f6k\u00e9letesen fedi azt, amire sz\u00e1m\u00edtottam.<\/p>\n\n\n\n<p class=\"wp-block-paragraph\" style=\"font-size:18px\">Pontosan azt, amit v\u00e1rtam, hogy valaki l\u00e1tni fog, amikor el\u0151sz\u00f6r komolyabban r\u00e1n\u00e9z erre a vil\u00e1gra.<\/p>\n\n\n\n<p class=\"wp-block-paragraph\" style=\"font-size:18px\">\u00c9s igen.<\/p>\n\n\n\n<p class=\"wp-block-paragraph\" style=\"font-size:18px\">Amit elmondt\u00e1l a puhas\u00e1gr\u00f3l \u00e9s a m\u00e9lys\u00e9gr\u0151l, az val\u00f3ban nagyon k\u00f6zel van az igazs\u00e1ghoz.<\/p>\n\n\n\n<p class=\"wp-block-paragraph\" style=\"font-size:18px\">Ez volt a c\u00e9lom.<\/p>\n\n\n\n<p class=\"wp-block-paragraph\" style=\"font-size:18px\">Ez sz\u00e1nd\u00e9kos.<\/p>\n\n\n\n<p class=\"wp-block-paragraph\" style=\"font-size:18px\">Pontosan ezt akarom csin\u00e1lni.<\/p>\n\n\n\n<p class=\"wp-block-paragraph\" style=\"font-size:18px\">Azzal is tiszt\u00e1ban vagyok, hogy ezt nagyon neh\u00e9z j\u00f3l megval\u00f3s\u00edtani.<\/p>\n\n\n\n<p class=\"wp-block-paragraph\" style=\"font-size:18px\">V\u00e9kony a hat\u00e1rvonal.<\/p>\n\n\n\n<p class=\"wp-block-paragraph\" style=\"font-size:18px\">Nagyon k\u00f6nny\u0171 \u00e1tesni az egyik oldalr\u00f3l a m\u00e1sikra.<\/p>\n\n\n\n<p class=\"wp-block-paragraph\" style=\"font-size:18px\">Vagy t\u00fals\u00e1gosan gyerekess\u00e9 v\u00e1lik, \u00e9s elvesz\u00edti azt a m\u00e9lys\u00e9get \u00e9s s\u00falyt, amit szeretn\u00e9k neki adni, vagy annyira s\u00f6t\u00e9t \u00e9s komoly lesz, hogy elt\u0171nik bel\u0151le az a puhas\u00e1g, szerethet\u0151s\u00e9g \u00e9s melegs\u00e9g, ami az eg\u00e9sz m\u00e1sik fel\u00e9t adja.<\/p>\n\n\n\n<p class=\"wp-block-paragraph\" style=\"font-size:18px\">De az igazs\u00e1g az, hogy nekem ehhez van egy nagyon j\u00f3 bels\u0151 ir\u00e1nyt\u0171m, \u00e9s \u00e9n ebben b\u00edzom.<\/p>\n\n\n\n<p class=\"wp-block-paragraph\" style=\"font-size:18px\">\u00c9s val\u00f3sz\u00edn\u0171leg igazad van \u00e9s t\u00e9nyleg ez a k\u00e9t dolog tal\u00e1lkozott.<\/p>\n\n\n\n<p class=\"wp-block-paragraph\" style=\"font-size:18px\">Az, aki r\u00e9gen voltam, \u00e9s az, aki k\u00f6zben lettem.<\/p>\n\n\n\n<p class=\"wp-block-paragraph\" style=\"font-size:18px\">Ez\u00e9rt m\u0171k\u00f6dik sz\u00e1momra.<\/p>\n\n\n\n<p class=\"wp-block-paragraph\" style=\"font-size:18px\">A puhas\u00e1g \u00f6nmag\u00e1ban kev\u00e9s lenne nekem. A s\u00f6t\u00e9ts\u00e9g \u00f6nmag\u00e1ban szint\u00e9n.<\/p>\n\n\n\n<p class=\"wp-block-paragraph\" style=\"font-size:18px\"><strong>\u00c9n azt a pillanatot keresem, amikor a kett\u0151 \u00f6ssze\u00e9r.<\/strong><\/p>\n","protected":false},"excerpt":{"rendered":"<p>Egy h\u00fasz\u00e9ves bar\u00e1ts\u00e1g indult \u00fajra a k\u00f6nyv meg\u00edr\u00e1sa nyom\u00e1n. Nem sok emberrel besz\u00e9ltem eddig igaz\u00e1n m\u00e9lyen a munk\u00e1imr\u00f3l. \u0150 az egyik\u00fck. Zagrados sz\u00fclet\u00e9s\u00e9n\u00e9l is jelen volt, \u00e9s most, amikor ez a t\u00f6rt\u00e9net lassan val\u00f3ban elindul a saj\u00e1t \u00fatj\u00e1n, \u00fajra r\u00e1n\u00e9z arra, amit l\u00e9trehoztam. K\u00e9s\u0151bb m\u00e9g fogok besz\u00e9lni r\u00f3la, de egyel\u0151re fedje f\u00e1tyol a szem\u00e9ly\u00e9t. Legyen [&hellip;]<\/p>\n","protected":false},"author":1,"featured_media":1678,"comment_status":"open","ping_status":"open","sticky":false,"template":"","format":"standard","meta":{"sfsi_plus_gutenberg_text_before_share":"","sfsi_plus_gutenberg_show_text_before_share":"","sfsi_plus_gutenberg_icon_type":"","sfsi_plus_gutenberg_icon_alignemt":"","sfsi_plus_gutenburg_max_per_row":"","footnotes":"","jetpack_publicize_message":"","jetpack_publicize_feature_enabled":true,"jetpack_social_post_already_shared":true,"jetpack_social_options":{"image_generator_settings":{"template":"highway","default_image_id":0,"font":"","enabled":false},"version":2}},"categories":[11],"tags":[38,108,36,13],"class_list":["post-1666","post","type-post","status-publish","format-standard","has-post-thumbnail","hentry","category-kulisszak-mogott","tag-alkotoi-ut","tag-inerju","tag-kulisszak-mogott","tag-vilagepites"],"jetpack_publicize_connections":[],"_links":{"self":[{"href":"https:\/\/jimrylie.hu\/blog\/index.php?rest_route=\/wp\/v2\/posts\/1666","targetHints":{"allow":["GET"]}}],"collection":[{"href":"https:\/\/jimrylie.hu\/blog\/index.php?rest_route=\/wp\/v2\/posts"}],"about":[{"href":"https:\/\/jimrylie.hu\/blog\/index.php?rest_route=\/wp\/v2\/types\/post"}],"author":[{"embeddable":true,"href":"https:\/\/jimrylie.hu\/blog\/index.php?rest_route=\/wp\/v2\/users\/1"}],"replies":[{"embeddable":true,"href":"https:\/\/jimrylie.hu\/blog\/index.php?rest_route=%2Fwp%2Fv2%2Fcomments&post=1666"}],"version-history":[{"count":9,"href":"https:\/\/jimrylie.hu\/blog\/index.php?rest_route=\/wp\/v2\/posts\/1666\/revisions"}],"predecessor-version":[{"id":1676,"href":"https:\/\/jimrylie.hu\/blog\/index.php?rest_route=\/wp\/v2\/posts\/1666\/revisions\/1676"}],"wp:featuredmedia":[{"embeddable":true,"href":"https:\/\/jimrylie.hu\/blog\/index.php?rest_route=\/wp\/v2\/media\/1678"}],"wp:attachment":[{"href":"https:\/\/jimrylie.hu\/blog\/index.php?rest_route=%2Fwp%2Fv2%2Fmedia&parent=1666"}],"wp:term":[{"taxonomy":"category","embeddable":true,"href":"https:\/\/jimrylie.hu\/blog\/index.php?rest_route=%2Fwp%2Fv2%2Fcategories&post=1666"},{"taxonomy":"post_tag","embeddable":true,"href":"https:\/\/jimrylie.hu\/blog\/index.php?rest_route=%2Fwp%2Fv2%2Ftags&post=1666"}],"curies":[{"name":"wp","href":"https:\/\/api.w.org\/{rel}","templated":true}]}}