{"id":199,"date":"2025-08-16T16:58:12","date_gmt":"2025-08-16T16:58:12","guid":{"rendered":"https:\/\/jimrylie.hu\/blog\/?p=199"},"modified":"2025-09-08T08:08:34","modified_gmt":"2025-09-08T08:08:34","slug":"miert-irom-ezt-a-tortenetet","status":"publish","type":"post","link":"https:\/\/jimrylie.hu\/blog\/?p=199","title":{"rendered":"Mi\u00e9rt \u00edrom ezt a t\u00f6rt\u00e9netet?"},"content":{"rendered":"\n<p class=\"wp-block-paragraph\"><\/p>\n\n\n\n<p class=\"has-medium-font-size wp-block-paragraph\">Van egy vil\u00e1g, ami m\u00e1r r\u00e9g\u00f3ta bennem \u00e9l. Sok\u00e1ig f\u00e9lretettem, de r\u00e1j\u00f6ttem: ha nem kezdem el meg\u00edrni, akkor sosem fog megsz\u00fcletni. Ez\u00e9rt v\u00e1gtam bele most.<\/p>\n\n\n\n<p class=\"has-medium-font-size wp-block-paragraph\">Ez a blog teh\u00e1t nem csak arr\u00f3l sz\u00f3l, hogy \u201e\u00edrok egy k\u00f6nyvet\u201d. Hanem arr\u00f3l, hogyan \u00e9p\u00fcl fel egy vil\u00e1g, hogyan sz\u00fcletnek a karakterek, \u00e9s milyen \u00e9rz\u00e9s egy olyan \u00e1lmot k\u00f6vetni, amit sok\u00e1ig f\u00e9lretettem.<\/p>\n\n\n\n<p class=\"has-medium-font-size wp-block-paragraph\">Ez nem egyszer\u0171en egy k\u00f6nyv. Ez egy gyerekeknek sz\u00f3l\u00f3 t\u00f6rt\u00e9net, amit szeretettel \u00e9s odafigyel\u00e9ssel \u00e9p\u00edtek fel. <\/p>\n\n\n\n<p class=\"has-medium-font-size wp-block-paragraph\">Egy vil\u00e1g, ahol kaland, bar\u00e1ts\u00e1g \u00e9s b\u00e1tors\u00e1g fon\u00f3dik \u00f6ssze \u2013 \u00e9s ahol a gyerekek nemcsak olvashatnak, hanem \u00e1t is \u00e9lhetnek valamit bel\u0151le.<\/p>\n\n\n\n<p class=\"has-medium-font-size wp-block-paragraph\">Nem fogok oldalsz\u00e1mokat sorolni, de mes\u00e9lek majd a folyamatokr\u00f3l.<\/p>\n\n\n\n<p class=\"has-medium-font-size wp-block-paragraph\">Nem csak \u00edr\u00e1s lesz, hanem illusztr\u00e1ci\u00f3k is, amik seg\u00edtenek l\u00e1that\u00f3v\u00e1 tenni a k\u00e9pzeletemet .<\/p>\n\n\n\n<p class=\"has-medium-font-size wp-block-paragraph\">\u00c9s lesznek \u0151szinte pillanatok is arr\u00f3l, milyen \u00e9rz\u00e9s n\u00e9ha elakadni&#8230; majd \u00fajra r\u00e1tal\u00e1lni a fonalra. <\/p>\n\n\n\n<p class=\"has-medium-font-size wp-block-paragraph\">Sz\u00f3val ez a blog a h\u00e1tt\u00e9rt\u00f6rt\u00e9net: hogyan lesz a semmib\u0151l valami, hogyan v\u00e1lik egy \u00f6tletb\u0151l k\u00f6nyv, \u00e9s k\u00f6zben tal\u00e1n egy eg\u00e9sz vil\u00e1g.<\/p>\n\n\n\n<p class=\"has-medium-font-size wp-block-paragraph\">Rem\u00e9lem ti is velem tartotok ezen az \u00faton.<\/p>\n\n\n\n<p class=\"has-medium-font-size wp-block-paragraph\"><\/p>\n","protected":false},"excerpt":{"rendered":"<p>Van egy vil\u00e1g, ami m\u00e1r r\u00e9g\u00f3ta bennem \u00e9l. Sok\u00e1ig f\u00e9lretettem, de r\u00e1j\u00f6ttem: ha nem kezdem el meg\u00edrni, akkor sosem fog megsz\u00fcletni. Ez\u00e9rt v\u00e1gtam bele most. Ez a blog teh\u00e1t nem csak arr\u00f3l sz\u00f3l, hogy \u201e\u00edrok egy k\u00f6nyvet\u201d. Hanem arr\u00f3l, hogyan \u00e9p\u00fcl fel egy vil\u00e1g, hogyan sz\u00fcletnek a karakterek, \u00e9s milyen \u00e9rz\u00e9s egy olyan \u00e1lmot k\u00f6vetni, [&hellip;]<\/p>\n","protected":false},"author":1,"featured_media":207,"comment_status":"open","ping_status":"open","sticky":false,"template":"","format":"standard","meta":{"_crdt_document":"","sfsi_plus_gutenberg_text_before_share":"","sfsi_plus_gutenberg_show_text_before_share":"","sfsi_plus_gutenberg_icon_type":"","sfsi_plus_gutenberg_icon_alignemt":"","sfsi_plus_gutenburg_max_per_row":"","footnotes":"","jetpack_publicize_message":"","jetpack_publicize_feature_enabled":true,"jetpack_social_post_already_shared":true,"jetpack_social_options":{"image_generator_settings":{"template":"highway","default_image_id":0,"font":"","enabled":false},"version":2}},"categories":[11],"tags":[7,6,9,8],"class_list":["post-199","post","type-post","status-publish","format-standard","has-post-thumbnail","hentry","category-kulisszak-mogott","tag-elso-lepesek","tag-inspiracio","tag-iroi-ut","tag-miert-irok"],"jetpack_publicize_connections":[],"_links":{"self":[{"href":"https:\/\/jimrylie.hu\/blog\/index.php?rest_route=\/wp\/v2\/posts\/199","targetHints":{"allow":["GET"]}}],"collection":[{"href":"https:\/\/jimrylie.hu\/blog\/index.php?rest_route=\/wp\/v2\/posts"}],"about":[{"href":"https:\/\/jimrylie.hu\/blog\/index.php?rest_route=\/wp\/v2\/types\/post"}],"author":[{"embeddable":true,"href":"https:\/\/jimrylie.hu\/blog\/index.php?rest_route=\/wp\/v2\/users\/1"}],"replies":[{"embeddable":true,"href":"https:\/\/jimrylie.hu\/blog\/index.php?rest_route=%2Fwp%2Fv2%2Fcomments&post=199"}],"version-history":[{"count":8,"href":"https:\/\/jimrylie.hu\/blog\/index.php?rest_route=\/wp\/v2\/posts\/199\/revisions"}],"predecessor-version":[{"id":320,"href":"https:\/\/jimrylie.hu\/blog\/index.php?rest_route=\/wp\/v2\/posts\/199\/revisions\/320"}],"wp:featuredmedia":[{"embeddable":true,"href":"https:\/\/jimrylie.hu\/blog\/index.php?rest_route=\/wp\/v2\/media\/207"}],"wp:attachment":[{"href":"https:\/\/jimrylie.hu\/blog\/index.php?rest_route=%2Fwp%2Fv2%2Fmedia&parent=199"}],"wp:term":[{"taxonomy":"category","embeddable":true,"href":"https:\/\/jimrylie.hu\/blog\/index.php?rest_route=%2Fwp%2Fv2%2Fcategories&post=199"},{"taxonomy":"post_tag","embeddable":true,"href":"https:\/\/jimrylie.hu\/blog\/index.php?rest_route=%2Fwp%2Fv2%2Ftags&post=199"}],"curies":[{"name":"wp","href":"https:\/\/api.w.org\/{rel}","templated":true}]}}