{"id":544,"date":"2025-09-21T08:50:03","date_gmt":"2025-09-21T08:50:03","guid":{"rendered":"https:\/\/jimrylie.hu\/blog\/?p=544"},"modified":"2025-10-25T22:10:55","modified_gmt":"2025-10-25T22:10:55","slug":"%e2%9c%8d%ef%b8%8f-milyen-iro-vagyok-iroi-muhelynaplo","status":"publish","type":"post","link":"https:\/\/jimrylie.hu\/blog\/?p=544","title":{"rendered":"\u270d\ufe0f Milyen \u00edr\u00f3 vagyok? \u2013 \u00cdr\u00f3i M\u0171helynapl\u00f3"},"content":{"rendered":"\n<p class=\"wp-block-paragraph\" style=\"font-size:18px\">Ami\u00f3ta Pip\u00f3 t\u00f6rt\u00e9net\u00e9t \u00edrom, sokszor elgondolkodom azon, vajon milyen \u00edr\u00f3 is vagyok val\u00f3j\u00e1ban. Vannak alkot\u00f3k, akik mindent apr\u00f3l\u00e9kosan megterveznek, \u00e9s olyanok is, akik teljesen szabadon engedik a karaktereiket. <\/p>\n\n\n\n<p class=\"wp-block-paragraph\" style=\"font-size:18px\">\u00c9n valahol a kett\u0151 k\u00f6z\u00f6tt \u00e1llok. Tudom, hov\u00e1 tart a t\u00f6rt\u00e9net, ismerem az \u00edv\u00e9t \u00e9s a f\u0151 c\u00e9lj\u00e1t, de k\u00f6zben szabads\u00e1got adok a karaktereknek, hogy saj\u00e1t d\u00f6nt\u00e9seikkel sz\u00ednezz\u00e9k ki az utat. El\u0151fordul, hogy m\u00e1s ir\u00e1nyba indulnak, mint amit eredetileg elterveztem, de v\u00e9g\u00fcl mindig visszatal\u00e1lnak az \u00fatra, mert ott v\u00e1rja \u0151ket a nagy eg\u00e9sz, a f\u0151 c\u00e9l, amit szem el\u0151tt tartok. <\/p>\n\n\n\n<p class=\"wp-block-paragraph\" style=\"font-size:18px\">Ez a szabads\u00e1g \u00e9s keret egyens\u00falya sz\u00e1momra biztons\u00e1got \u00e9s inspir\u00e1ci\u00f3t is ad. Van egy ir\u00e1nyt\u0171m, de k\u00f6zben a karakterek k\u00e9pesek meglepni engem \u00e9s ezek a meglepet\u00e9sek sokszor a legszebb pillanatai az \u00edr\u00e1snak.<\/p>\n\n\n\n<p class=\"wp-block-paragraph\" style=\"font-size:18px\">Az elm\u00falt hetekben azonban meg\u00e1lltam. Nem az\u00e9rt, mert elakadtam, hanem mert \u00e9reztem: most nem el\u0151re kell menni, hanem kicsit h\u00e1tral\u00e9pni.<\/p>\n\n\n\n<p class=\"wp-block-paragraph\" style=\"font-size:18px\">El\u0151vettem a r\u00e9gi rajzaimat, \u00e9s elkezdtem kijav\u00edtani \u0151ket. Ami f\u00e9l \u00e9ve m\u00e9g neh\u00e9znek t\u0171nt, most percek alatt ment, hatalmas k\u00fcl\u00f6nbs\u00e9get \u00e9reztem.<\/p>\n\n\n\n<p class=\"wp-block-paragraph\" style=\"font-size:18px\">Ugyan\u00edgy a sz\u00f6vegn\u00e9l is: korrekt\u00far\u00e1zni kezdtem, \u00e9s rengeteg sz\u00f3ism\u00e9tl\u00e9st, fogalmaz\u00e1si hib\u00e1t jav\u00edtottam ki. Sokkal t\u00f6bbet, mint gondoltam volna.<\/p>\n\n\n\n<p class=\"wp-block-paragraph\" style=\"font-size:18px\">Ez a felismer\u00e9s er\u0151t adott. R\u00e1j\u00f6ttem, mennyit tanultam \u00e9s mennyivel k\u00f6nnyebben mozgok ma m\u00e1r ebben a vil\u00e1gban. Igaz, a \u201emintha\u201d \u00e9s a \u201evolna\u201d szavak m\u00e9g mindig k\u00eds\u00e9rtenek, de minden jav\u00edt\u00e1ssal k\u00f6zelebb ker\u00fcl\u00f6k ahhoz, hogy a sz\u00f6veg letisztult \u00e9s er\u0151s legyen.<\/p>\n\n\n\n<p class=\"wp-block-paragraph\" style=\"font-size:18px\">Sz\u00e1momra az \u00edr\u00f3i \u00fat nem mindig el\u0151re rohan\u00e1s, hanem n\u00e9ha meg\u00e1ll\u00e1s, apr\u00f3 jav\u00edtgat\u00e1s, \u00fajrafelfedez\u00e9s is. \u00cdgy \u00e9p\u00fcl lassan nemcsak a k\u00f6nyv, hanem az a vil\u00e1g is, ahol m\u00e1r \u00e9n is otthon vagyok \u00e9s ahol egyszer tal\u00e1n ti is velem lesztek.<\/p>\n","protected":false},"excerpt":{"rendered":"<p>Ami\u00f3ta Pip\u00f3 t\u00f6rt\u00e9net\u00e9t \u00edrom, sokszor elgondolkodom azon, vajon milyen \u00edr\u00f3 is vagyok val\u00f3j\u00e1ban. Vannak alkot\u00f3k, akik mindent apr\u00f3l\u00e9kosan megterveznek, \u00e9s olyanok is, akik teljesen szabadon engedik a karaktereiket. \u00c9n valahol a kett\u0151 k\u00f6z\u00f6tt \u00e1llok. Tudom, hov\u00e1 tart a t\u00f6rt\u00e9net, ismerem az \u00edv\u00e9t \u00e9s a f\u0151 c\u00e9lj\u00e1t, de k\u00f6zben szabads\u00e1got adok a karaktereknek, hogy saj\u00e1t d\u00f6nt\u00e9seikkel [&hellip;]<\/p>\n","protected":false},"author":1,"featured_media":549,"comment_status":"open","ping_status":"open","sticky":false,"template":"","format":"standard","meta":{"_crdt_document":"","sfsi_plus_gutenberg_text_before_share":"","sfsi_plus_gutenberg_show_text_before_share":"","sfsi_plus_gutenberg_icon_type":"","sfsi_plus_gutenberg_icon_alignemt":"","sfsi_plus_gutenburg_max_per_row":"","footnotes":"","jetpack_publicize_message":"","jetpack_publicize_feature_enabled":true,"jetpack_social_post_already_shared":true,"jetpack_social_options":{"image_generator_settings":{"template":"highway","default_image_id":0,"font":"","enabled":false},"version":2}},"categories":[11,33],"tags":[35,9,36,34],"class_list":["post-544","post","type-post","status-publish","format-standard","has-post-thumbnail","hentry","category-kulisszak-mogott","category-muhelymunka","tag-iras-kozben","tag-iroi-ut","tag-kulisszak-mogott","tag-muhelynaplo"],"jetpack_publicize_connections":[],"_links":{"self":[{"href":"https:\/\/jimrylie.hu\/blog\/index.php?rest_route=\/wp\/v2\/posts\/544","targetHints":{"allow":["GET"]}}],"collection":[{"href":"https:\/\/jimrylie.hu\/blog\/index.php?rest_route=\/wp\/v2\/posts"}],"about":[{"href":"https:\/\/jimrylie.hu\/blog\/index.php?rest_route=\/wp\/v2\/types\/post"}],"author":[{"embeddable":true,"href":"https:\/\/jimrylie.hu\/blog\/index.php?rest_route=\/wp\/v2\/users\/1"}],"replies":[{"embeddable":true,"href":"https:\/\/jimrylie.hu\/blog\/index.php?rest_route=%2Fwp%2Fv2%2Fcomments&post=544"}],"version-history":[{"count":9,"href":"https:\/\/jimrylie.hu\/blog\/index.php?rest_route=\/wp\/v2\/posts\/544\/revisions"}],"predecessor-version":[{"id":791,"href":"https:\/\/jimrylie.hu\/blog\/index.php?rest_route=\/wp\/v2\/posts\/544\/revisions\/791"}],"wp:featuredmedia":[{"embeddable":true,"href":"https:\/\/jimrylie.hu\/blog\/index.php?rest_route=\/wp\/v2\/media\/549"}],"wp:attachment":[{"href":"https:\/\/jimrylie.hu\/blog\/index.php?rest_route=%2Fwp%2Fv2%2Fmedia&parent=544"}],"wp:term":[{"taxonomy":"category","embeddable":true,"href":"https:\/\/jimrylie.hu\/blog\/index.php?rest_route=%2Fwp%2Fv2%2Fcategories&post=544"},{"taxonomy":"post_tag","embeddable":true,"href":"https:\/\/jimrylie.hu\/blog\/index.php?rest_route=%2Fwp%2Fv2%2Ftags&post=544"}],"curies":[{"name":"wp","href":"https:\/\/api.w.org\/{rel}","templated":true}]}}