{"id":583,"date":"2025-09-25T19:47:28","date_gmt":"2025-09-25T19:47:28","guid":{"rendered":"https:\/\/jimrylie.hu\/blog\/?p=583"},"modified":"2025-10-25T22:09:36","modified_gmt":"2025-10-25T22:09:36","slug":"amikor-meglattam-magam-egy-masik-vilagban%f0%9f%aa%9e%f0%9f%aa%9f","status":"publish","type":"post","link":"https:\/\/jimrylie.hu\/blog\/?p=583","title":{"rendered":"Amikor megl\u00e1ttam magam egy m\u00e1sik vil\u00e1gban\ud83e\ude9e\ud83e\ude9f"},"content":{"rendered":"\n<p class=\"wp-block-paragraph\" style=\"font-size:18px\">K\u00e9pzelj el egy ablakot, amin \u00e1t bepillanthatsz egy m\u00e1sik vil\u00e1gba. <br>Nem messze, nem el\u00e9rhetetlen\u00fcl \u2013 csak egy karny\u00fajt\u00e1snyira.<\/p>\n\n\n\n<p class=\"wp-block-paragraph\" style=\"font-size:18px\">Egy ilyen pillanatban l\u00e1ttam meg saj\u00e1t magamat. Nem \u00fagy, ahogy itt \u00e9ltem a mindennapjaimat, hanem m\u00e1sk\u00e9pp: alkotva, szabadon, boldogan. Egy olyan \u00e9letben, ahol a t\u00f6rt\u00e9netek \u00e9s a k\u00e9pek nem csak bennem \u00e9ltek, hanem m\u00e1sokhoz is eljutottak. L\u00e1ttam, ahogy az emberek meg\u00e1llnak egy pillanatra, r\u00e1n\u00e9znek, \u00e9s valami meg\u00e9rinti \u0151ket abb\u00f3l, amit l\u00e9trehoztam.<\/p>\n\n\n\n<p class=\"wp-block-paragraph\" style=\"font-size:18px\">Ez az ablak nem \u00e1lom volt, hanem egy ir\u00e1nyt\u0171. Olyan er\u0151sen \u00e9reztem, hogy ez az \u00e9letem is lehetne, hogy elhat\u00e1roztam: \u00e1t\u00edrom a saj\u00e1t t\u00f6rt\u00e9netemet. Nem egyik napr\u00f3l a m\u00e1sikra, nem var\u00e1zs\u00fct\u00e9sre, hanem l\u00e9p\u00e9sr\u0151l l\u00e9p\u00e9sre, kitart\u00e1ssal \u00e9s munk\u00e1val.<\/p>\n\n\n\n<p class=\"wp-block-paragraph\" style=\"font-size:18px\">\u00cdgy indult el ez az \u00fat. Az\u00f3ta minden nap azon dolgozom, hogy amit ott l\u00e1ttam, lassan val\u00f3s\u00e1gg\u00e1 v\u00e1ljon itt is. Egy vil\u00e1g, amit fel\u00e9p\u00edtek \u2013 k\u00e9pekb\u0151l, szavakb\u00f3l, t\u00f6rt\u00e9netekb\u0151l.<\/p>\n\n\n\n<p class=\"wp-block-paragraph\" style=\"font-size:18px\">Tal\u00e1n te is \u00e9lt\u00e9l m\u00e1r \u00e1t hasonl\u00f3t. Egy pillanatot, amikor megl\u00e1ttad magad m\u00e1sk\u00e9pp, \u00e9s tudtad, hogy v\u00e1ltoztatnod kell.<\/p>\n\n\n\n<p class=\"wp-block-paragraph\" style=\"font-size:18px\">Az ilyen pillanatok visznek el\u0151re benn\u00fcnket.<\/p>\n\n\n\n<p class=\"has-medium-font-size wp-block-paragraph\"><\/p>\n","protected":false},"excerpt":{"rendered":"<p>K\u00e9pzelj el egy ablakot, amin \u00e1t bepillanthatsz egy m\u00e1sik vil\u00e1gba. Nem messze, nem el\u00e9rhetetlen\u00fcl \u2013 csak egy karny\u00fajt\u00e1snyira. Egy ilyen pillanatban l\u00e1ttam meg saj\u00e1t magamat. Nem \u00fagy, ahogy itt \u00e9ltem a mindennapjaimat, hanem m\u00e1sk\u00e9pp: alkotva, szabadon, boldogan. Egy olyan \u00e9letben, ahol a t\u00f6rt\u00e9netek \u00e9s a k\u00e9pek nem csak bennem \u00e9ltek, hanem m\u00e1sokhoz is eljutottak. L\u00e1ttam, [&hellip;]<\/p>\n","protected":false},"author":1,"featured_media":590,"comment_status":"open","ping_status":"open","sticky":false,"template":"","format":"standard","meta":{"_crdt_document":"","sfsi_plus_gutenberg_text_before_share":"","sfsi_plus_gutenberg_show_text_before_share":"","sfsi_plus_gutenberg_icon_type":"","sfsi_plus_gutenberg_icon_alignemt":"","sfsi_plus_gutenburg_max_per_row":"","footnotes":"","jetpack_publicize_message":"","jetpack_publicize_feature_enabled":true,"jetpack_social_post_already_shared":true,"jetpack_social_options":{"image_generator_settings":{"template":"highway","default_image_id":0,"font":"","enabled":false},"version":2}},"categories":[11],"tags":[38,6,36,37],"class_list":["post-583","post","type-post","status-publish","format-standard","has-post-thumbnail","hentry","category-kulisszak-mogott","tag-alkotoi-ut","tag-inspiracio","tag-kulisszak-mogott","tag-motivacio"],"jetpack_publicize_connections":[],"_links":{"self":[{"href":"https:\/\/jimrylie.hu\/blog\/index.php?rest_route=\/wp\/v2\/posts\/583","targetHints":{"allow":["GET"]}}],"collection":[{"href":"https:\/\/jimrylie.hu\/blog\/index.php?rest_route=\/wp\/v2\/posts"}],"about":[{"href":"https:\/\/jimrylie.hu\/blog\/index.php?rest_route=\/wp\/v2\/types\/post"}],"author":[{"embeddable":true,"href":"https:\/\/jimrylie.hu\/blog\/index.php?rest_route=\/wp\/v2\/users\/1"}],"replies":[{"embeddable":true,"href":"https:\/\/jimrylie.hu\/blog\/index.php?rest_route=%2Fwp%2Fv2%2Fcomments&post=583"}],"version-history":[{"count":4,"href":"https:\/\/jimrylie.hu\/blog\/index.php?rest_route=\/wp\/v2\/posts\/583\/revisions"}],"predecessor-version":[{"id":790,"href":"https:\/\/jimrylie.hu\/blog\/index.php?rest_route=\/wp\/v2\/posts\/583\/revisions\/790"}],"wp:featuredmedia":[{"embeddable":true,"href":"https:\/\/jimrylie.hu\/blog\/index.php?rest_route=\/wp\/v2\/media\/590"}],"wp:attachment":[{"href":"https:\/\/jimrylie.hu\/blog\/index.php?rest_route=%2Fwp%2Fv2%2Fmedia&parent=583"}],"wp:term":[{"taxonomy":"category","embeddable":true,"href":"https:\/\/jimrylie.hu\/blog\/index.php?rest_route=%2Fwp%2Fv2%2Fcategories&post=583"},{"taxonomy":"post_tag","embeddable":true,"href":"https:\/\/jimrylie.hu\/blog\/index.php?rest_route=%2Fwp%2Fv2%2Ftags&post=583"}],"curies":[{"name":"wp","href":"https:\/\/api.w.org\/{rel}","templated":true}]}}