{"id":591,"date":"2025-09-28T16:46:25","date_gmt":"2025-09-28T16:46:25","guid":{"rendered":"https:\/\/jimrylie.hu\/blog\/?p=591"},"modified":"2025-10-25T22:07:26","modified_gmt":"2025-10-25T22:07:26","slug":"heti-osszefoglalo-korrektura-elmenyek-es-ami-jon","status":"publish","type":"post","link":"https:\/\/jimrylie.hu\/blog\/?p=591","title":{"rendered":"Heti \u00f6sszefoglal\u00f3 \u2013 korrekt\u00fara, \u00e9lm\u00e9nyek \u00e9s ami j\u00f6n"},"content":{"rendered":"\n<p class=\"wp-block-paragraph\" style=\"font-size:18px\">Ezen a h\u00e9ten m\u00e9g mindig a sz\u00f6vegek korrekt\u00far\u00e1j\u00e1n dolgoztam. H\u00e9tv\u00e9g\u00e9re v\u00e9gre siker\u00fclt v\u00e9gig\u00e9rnem minden eddig elk\u00e9sz\u00fclt oldalon, \u00edgy most m\u00e1r indulhatok tov\u00e1bb az \u00faj fejezetek meg\u00edr\u00e1s\u00e1hoz.<\/p>\n\n\n\n<p class=\"wp-block-paragraph\" style=\"font-size:18px\">\u00c9rdekes \u00e9lm\u00e9ny volt \u00fajraolvasni a r\u00e9gi r\u00e9szeket. Mindig meglep, mennyire k\u00e9pesek ber\u00e1ntani a t\u00f6rt\u00e9netbe, \u00e9s annak ellen\u00e9re, hogy pontosan tudom, mi fog t\u00f6rt\u00e9nni, m\u00e9gis alig v\u00e1rom, hogy tov\u00e1bb olvassam. Teljesen bele tudok feledkezni.<\/p>\n\n\n\n<p class=\"wp-block-paragraph\" style=\"font-size:18px\">A korrekt\u00fara mellett sokat gondolkodtam azon is, hogyan \u00e9p\u00fcl fel a k\u00f6nyv vizu\u00e1lis vil\u00e1ga. Lesznek f\u00e9loldalas, egyoldalas \u00e9s negyedoldalas illusztr\u00e1ci\u00f3k, valamint sz\u00e1mos apr\u00f3, d\u00edsz\u00edt\u0151 jelleg\u0171 k\u00e9p is.<br>Ezek k\u00f6z\u00f6tt helyet kapnak az \u00fagynevezett \u201e\u00e9rzelmi horgony karakterek\u201d, amelyek v\u00e9gigk\u00eds\u00e9rik az oldalakat \u00e9s szorosan reflekt\u00e1lnak a sz\u00f6vegre. Hol viccesek, hol komolyak \u2013 mindig att\u00f3l f\u00fcgg\u0151en, mire van sz\u00fcks\u00e9g a t\u00f6rt\u00e9netben.<\/p>\n\n\n\n<p class=\"has-medium-font-size wp-block-paragraph\"><\/p>\n\n\n\n<p class=\"wp-block-paragraph\" style=\"font-size:18px\">\u00c9s most k\u00edv\u00e1ncsi vagyok r\u00e1tok:<\/p>\n\n\n\n<p class=\"wp-block-paragraph\" style=\"font-size:18px\">\ud83d\udc49 Ti mit szerettek jobban? \u00daj t\u00f6rt\u00e9neteket felfedezni, vagy a r\u00e9gi kedvenceket \u00fajraolvasni?<br>\ud83d\udc49 \u00c9s nektek melyik illusztr\u00e1ci\u00f3s st\u00edlus \u00e1ll k\u00f6zelebb a sz\u00edvetekhez \u2013 sok apr\u00f3 rajz minden oldalon, vagy ritk\u00e1bban, de nagy k\u00e9pek?<\/p>\n\n\n\n<p class=\"wp-block-paragraph\" style=\"font-size:18px\">\ud83d\udccc J\u00f6v\u0151 h\u00e9ten pedig \u00e9rkezik Sz\u00e9lv\u00e9sz bemutat\u00f3ja \u2013 rajz \u00e9s vide\u00f3 form\u00e1j\u00e1ban is. Szerintem sokan fogj\u00e1tok szeretni!<\/p>\n\n\n\n<p class=\"wp-block-paragraph\"><\/p>\n","protected":false},"excerpt":{"rendered":"<p>Ezen a h\u00e9ten m\u00e9g mindig a sz\u00f6vegek korrekt\u00far\u00e1j\u00e1n dolgoztam. H\u00e9tv\u00e9g\u00e9re v\u00e9gre siker\u00fclt v\u00e9gig\u00e9rnem minden eddig elk\u00e9sz\u00fclt oldalon, \u00edgy most m\u00e1r indulhatok tov\u00e1bb az \u00faj fejezetek meg\u00edr\u00e1s\u00e1hoz. \u00c9rdekes \u00e9lm\u00e9ny volt \u00fajraolvasni a r\u00e9gi r\u00e9szeket. Mindig meglep, mennyire k\u00e9pesek ber\u00e1ntani a t\u00f6rt\u00e9netbe, \u00e9s annak ellen\u00e9re, hogy pontosan tudom, mi fog t\u00f6rt\u00e9nni, m\u00e9gis alig v\u00e1rom, hogy tov\u00e1bb olvassam. [&hellip;]<\/p>\n","protected":false},"author":1,"featured_media":596,"comment_status":"open","ping_status":"open","sticky":false,"template":"","format":"standard","meta":{"_crdt_document":"","sfsi_plus_gutenberg_text_before_share":"","sfsi_plus_gutenberg_show_text_before_share":"","sfsi_plus_gutenberg_icon_type":"","sfsi_plus_gutenberg_icon_alignemt":"","sfsi_plus_gutenburg_max_per_row":"","footnotes":"","jetpack_publicize_message":"","jetpack_publicize_feature_enabled":true,"jetpack_social_post_already_shared":true,"jetpack_social_options":{"image_generator_settings":{"template":"highway","default_image_id":0,"font":"","enabled":false},"version":2}},"categories":[39,11],"tags":[],"class_list":["post-591","post","type-post","status-publish","format-standard","has-post-thumbnail","hentry","category-heti-osszefoglalo","category-kulisszak-mogott"],"jetpack_publicize_connections":[],"_links":{"self":[{"href":"https:\/\/jimrylie.hu\/blog\/index.php?rest_route=\/wp\/v2\/posts\/591","targetHints":{"allow":["GET"]}}],"collection":[{"href":"https:\/\/jimrylie.hu\/blog\/index.php?rest_route=\/wp\/v2\/posts"}],"about":[{"href":"https:\/\/jimrylie.hu\/blog\/index.php?rest_route=\/wp\/v2\/types\/post"}],"author":[{"embeddable":true,"href":"https:\/\/jimrylie.hu\/blog\/index.php?rest_route=\/wp\/v2\/users\/1"}],"replies":[{"embeddable":true,"href":"https:\/\/jimrylie.hu\/blog\/index.php?rest_route=%2Fwp%2Fv2%2Fcomments&post=591"}],"version-history":[{"count":5,"href":"https:\/\/jimrylie.hu\/blog\/index.php?rest_route=\/wp\/v2\/posts\/591\/revisions"}],"predecessor-version":[{"id":787,"href":"https:\/\/jimrylie.hu\/blog\/index.php?rest_route=\/wp\/v2\/posts\/591\/revisions\/787"}],"wp:featuredmedia":[{"embeddable":true,"href":"https:\/\/jimrylie.hu\/blog\/index.php?rest_route=\/wp\/v2\/media\/596"}],"wp:attachment":[{"href":"https:\/\/jimrylie.hu\/blog\/index.php?rest_route=%2Fwp%2Fv2%2Fmedia&parent=591"}],"wp:term":[{"taxonomy":"category","embeddable":true,"href":"https:\/\/jimrylie.hu\/blog\/index.php?rest_route=%2Fwp%2Fv2%2Fcategories&post=591"},{"taxonomy":"post_tag","embeddable":true,"href":"https:\/\/jimrylie.hu\/blog\/index.php?rest_route=%2Fwp%2Fv2%2Ftags&post=591"}],"curies":[{"name":"wp","href":"https:\/\/api.w.org\/{rel}","templated":true}]}}