{"id":735,"date":"2025-10-17T17:08:02","date_gmt":"2025-10-17T17:08:02","guid":{"rendered":"https:\/\/jimrylie.hu\/blog\/?p=735"},"modified":"2025-10-25T21:55:50","modified_gmt":"2025-10-25T21:55:50","slug":"minden-tortenet-egy-erzesbol-szuletik","status":"publish","type":"post","link":"https:\/\/jimrylie.hu\/blog\/?p=735","title":{"rendered":"Minden t\u00f6rt\u00e9net egy \u00e9rz\u00e9sb\u0151l sz\u00fcletik"},"content":{"rendered":"\n<p class=\"wp-block-paragraph\" style=\"font-size:18px\">Van egy hely, ahol a csend nem \u00fcress\u00e9g, hanem eml\u00e9k. <br>Ahol a j\u00e9gfalak nemcsak visszaverik, hanem meg\u0151rzik a m\u00faltat. <\/p>\n\n\n\n<p class=\"wp-block-paragraph\" style=\"font-size:18px\">Valami r\u00e9gi lassan fel\u00e9bred, \u00e9s a f\u00e9ny \u00fajra megtal\u00e1lja az utat. <\/p>\n\n\n\n<p class=\"wp-block-paragraph\"><\/p>\n\n\n\n<p class=\"has-medium-font-size wp-block-paragraph\">&#8211;<\/p>\n\n\n\n<p class=\"wp-block-paragraph\" style=\"font-size:18px\">Lassan \u00fagy n\u00e9z ki a falam, mint egy filmst\u00fadi\u00f3. <br>Mindenhol k\u00e9pek, rajzok, sz\u00ednek, jegyzetek. <br>N\u00e9ha meg\u00e1llok, \u00e9s csak n\u00e9zem \u0151ket. <\/p>\n\n\n\n<p class=\"wp-block-paragraph\" style=\"font-size:18px\">A furcsa az, hogy ezekben a k\u00e9pekben ott van minden, ami \u00e9n vagyok \u00e9s amit valaha szerettem.<br>A r\u00e9gi j\u00e1t\u00e9kaim vil\u00e1ga. A k\u00f6nyvek, amiket gyerekk\u00e9nt olvastam.<br>A t\u00f6rt\u00e9netek, amiket el akartam mes\u00e9lni, de m\u00e9g nem tudtam hogyan.<br>\u00c9s minden \u00e9rz\u00e9s, amit eddig nem adhattam \u00e1t.<\/p>\n\n\n\n<p class=\"wp-block-paragraph\" style=\"font-size:18px\">Most mindez valahogy visszat\u00e9r.<br>A falon, a sz\u00ednekben, a f\u00e9nyekben.<\/p>\n\n\n\n<p class=\"wp-block-paragraph\" style=\"font-size:18px\">Mert ez a vil\u00e1g, amit \u00e9p\u00edtek, egyre ink\u00e1bb hasonl\u00edt ahhoz,<br>amit mindig is l\u00e1tni akartam \u2013 amit gyerekk\u00e9nt kerestem.<\/p>\n\n\n\n<p class=\"wp-block-paragraph\" style=\"font-size:18px\">N\u00e9ha megijeszt, milyen furcsa ez.<br>Hogy valaki, aki sosem tanult rajzolni,<br>\u00e9s aki k\u00e9t \u00e9vtizede \u00edrt utolj\u00e1ra,<br>ma m\u00e9gis k\u00e9pes l\u00e9trehozni valamit,<br>ami bel\u00fcl mindig is ott volt,<br>\u00e9s ami ennyire m\u00e9lyen visszahat r\u00e1m.<\/p>\n\n\n\n<p class=\"wp-block-paragraph\" style=\"font-size:18px\">Tal\u00e1n csak a technol\u00f3gia hi\u00e1nyzott.<br>Tal\u00e1n a k\u00e9z\u00fcgyess\u00e9g.<br>De a l\u00e1t\u00e1s, az \u00e9rz\u00e9s,<br>a sz\u00edvek m\u00f6g\u00f6tti vil\u00e1g, az mindig is bennem volt.<\/p>\n\n\n\n<p class=\"wp-block-paragraph\" style=\"font-size:18px\">Ahogy n\u00e9zem ezeket a falakat, tudom:<br>nem egy t\u00f6rt\u00e9netet \u00e9p\u00edtek &#8211; hanem \u00f6nmagamat is \u00e1ltala.<\/p>\n\n\n\n<p class=\"wp-block-paragraph\" style=\"font-size:18px\">Ez a vil\u00e1g lassan kin\u00f6vi a falakat.<\/p>\n\n\n\n<p class=\"wp-block-paragraph\" style=\"font-size:18px\">De am\u00edg itt vannak, minden reggel ezek a k\u00e9pek eml\u00e9keztetnek:<br>minden t\u00f6rt\u00e9net egy \u00e9rz\u00e9sb\u0151l sz\u00fcletik.<\/p>\n","protected":false},"excerpt":{"rendered":"<p>Van egy hely, ahol a csend nem \u00fcress\u00e9g, hanem eml\u00e9k. Ahol a j\u00e9gfalak nemcsak visszaverik, hanem meg\u0151rzik a m\u00faltat. Valami r\u00e9gi lassan fel\u00e9bred, \u00e9s a f\u00e9ny \u00fajra megtal\u00e1lja az utat. &#8211; Lassan \u00fagy n\u00e9z ki a falam, mint egy filmst\u00fadi\u00f3. Mindenhol k\u00e9pek, rajzok, sz\u00ednek, jegyzetek. N\u00e9ha meg\u00e1llok, \u00e9s csak n\u00e9zem \u0151ket. A furcsa az, hogy [&hellip;]<\/p>\n","protected":false},"author":1,"featured_media":765,"comment_status":"open","ping_status":"open","sticky":false,"template":"","format":"standard","meta":{"_crdt_document":"","sfsi_plus_gutenberg_text_before_share":"","sfsi_plus_gutenberg_show_text_before_share":"","sfsi_plus_gutenberg_icon_type":"","sfsi_plus_gutenberg_icon_alignemt":"","sfsi_plus_gutenburg_max_per_row":"","footnotes":"","jetpack_publicize_message":"","jetpack_publicize_feature_enabled":true,"jetpack_social_post_already_shared":true,"jetpack_social_options":{"image_generator_settings":{"template":"highway","default_image_id":0,"font":"","enabled":false},"version":2}},"categories":[30,11],"tags":[44,6,9,34],"class_list":["post-735","post","type-post","status-publish","format-standard","has-post-thumbnail","hentry","category-iroi-naplo","category-kulisszak-mogott","tag-alkotas","tag-inspiracio","tag-iroi-ut","tag-muhelynaplo"],"jetpack_publicize_connections":[],"_links":{"self":[{"href":"https:\/\/jimrylie.hu\/blog\/index.php?rest_route=\/wp\/v2\/posts\/735","targetHints":{"allow":["GET"]}}],"collection":[{"href":"https:\/\/jimrylie.hu\/blog\/index.php?rest_route=\/wp\/v2\/posts"}],"about":[{"href":"https:\/\/jimrylie.hu\/blog\/index.php?rest_route=\/wp\/v2\/types\/post"}],"author":[{"embeddable":true,"href":"https:\/\/jimrylie.hu\/blog\/index.php?rest_route=\/wp\/v2\/users\/1"}],"replies":[{"embeddable":true,"href":"https:\/\/jimrylie.hu\/blog\/index.php?rest_route=%2Fwp%2Fv2%2Fcomments&post=735"}],"version-history":[{"count":12,"href":"https:\/\/jimrylie.hu\/blog\/index.php?rest_route=\/wp\/v2\/posts\/735\/revisions"}],"predecessor-version":[{"id":785,"href":"https:\/\/jimrylie.hu\/blog\/index.php?rest_route=\/wp\/v2\/posts\/735\/revisions\/785"}],"wp:featuredmedia":[{"embeddable":true,"href":"https:\/\/jimrylie.hu\/blog\/index.php?rest_route=\/wp\/v2\/media\/765"}],"wp:attachment":[{"href":"https:\/\/jimrylie.hu\/blog\/index.php?rest_route=%2Fwp%2Fv2%2Fmedia&parent=735"}],"wp:term":[{"taxonomy":"category","embeddable":true,"href":"https:\/\/jimrylie.hu\/blog\/index.php?rest_route=%2Fwp%2Fv2%2Fcategories&post=735"},{"taxonomy":"post_tag","embeddable":true,"href":"https:\/\/jimrylie.hu\/blog\/index.php?rest_route=%2Fwp%2Fv2%2Ftags&post=735"}],"curies":[{"name":"wp","href":"https:\/\/api.w.org\/{rel}","templated":true}]}}