{"id":756,"date":"2025-10-23T15:50:05","date_gmt":"2025-10-23T15:50:05","guid":{"rendered":"https:\/\/jimrylie.hu\/blog\/?p=756"},"modified":"2025-10-25T21:53:26","modified_gmt":"2025-10-25T21:53:26","slug":"akit-nem-en-irtam-meg","status":"publish","type":"post","link":"https:\/\/jimrylie.hu\/blog\/?p=756","title":{"rendered":"Akit nem \u00e9n \u00edrtam meg"},"content":{"rendered":"\n<p class=\"wp-block-paragraph\" style=\"font-size:18px\">Sziasztok! <\/p>\n\n\n\n<p class=\"wp-block-paragraph\" style=\"font-size:18px\">Bevallom, most kicsit neh\u00e9z dolgom van: mi az, amit megmutassak nektek? <\/p>\n\n\n\n<p class=\"wp-block-paragraph\" style=\"font-size:18px\">Ennek egyszer\u0171 az oka. Eg\u00e9sz h\u00e9ten egy k\u00fcl\u00f6n\u00f6sen fontos szerepl\u0151 v\u00e9gleges megjelen\u00e9s\u00e9n dolgoztam. <\/p>\n\n\n\n<p class=\"wp-block-paragraph\" style=\"font-size:18px\">\u0150 egy nagyon fontos alakja ennek a vil\u00e1gnak. <\/p>\n\n\n\n<p class=\"wp-block-paragraph\" style=\"font-size:18px\">A furcsa benne, hogy egy\u00e1ltal\u00e1n nem terveztem \u0151t. \u00cdrtam is err\u0151l kor\u00e1bban p\u00e1r sz\u00f3ban. <\/p>\n\n\n\n<p class=\"wp-block-paragraph\" style=\"font-size:18px\">Egyszer\u0171en csak el\u0151l\u00e9pett a s\u00f6t\u00e9tb\u0151l, amikor a t\u00f6rt\u00e9netnek sz\u00fcks\u00e9ge volt r\u00e1. <\/p>\n\n\n\n<p class=\"wp-block-paragraph\" style=\"font-size:18px\">Mostanra megkapta a v\u00e9gleges form\u00e1j\u00e1t, \u00e9s be kell vallanom, nagyon megkedveltem. <\/p>\n\n\n\n<p class=\"wp-block-paragraph\" style=\"font-size:18px\">M\u00e1r l\u00e1tom, hogy n\u00e9lk\u00fcle ez a vil\u00e1g nem lenne teljes. <\/p>\n\n\n\n<p class=\"wp-block-paragraph\" style=\"font-size:18px\">M\u00e9g nem mondhatok el r\u00f3la sokat, de id\u0151vel megmutatom majd \u0151t teljes val\u00f3j\u00e1ban. <\/p>\n\n\n\n<p class=\"wp-block-paragraph\" style=\"font-size:18px\">Addig is&#8230; tal\u00e1n nekem is megvil\u00e1g\u00edtja majd az utat.<\/p>\n\n\n\n<p class=\"has-medium-font-size wp-block-paragraph\"><\/p>\n","protected":false},"excerpt":{"rendered":"<p>Sziasztok! Bevallom, most kicsit neh\u00e9z dolgom van: mi az, amit megmutassak nektek? Ennek egyszer\u0171 az oka. Eg\u00e9sz h\u00e9ten egy k\u00fcl\u00f6n\u00f6sen fontos szerepl\u0151 v\u00e9gleges megjelen\u00e9s\u00e9n dolgoztam. \u0150 egy nagyon fontos alakja ennek a vil\u00e1gnak. A furcsa benne, hogy egy\u00e1ltal\u00e1n nem terveztem \u0151t. \u00cdrtam is err\u0151l kor\u00e1bban p\u00e1r sz\u00f3ban. Egyszer\u0171en csak el\u0151l\u00e9pett a s\u00f6t\u00e9tb\u0151l, amikor a t\u00f6rt\u00e9netnek [&hellip;]<\/p>\n","protected":false},"author":1,"featured_media":774,"comment_status":"open","ping_status":"open","sticky":false,"template":"","format":"standard","meta":{"_crdt_document":"","sfsi_plus_gutenberg_text_before_share":"","sfsi_plus_gutenberg_show_text_before_share":"","sfsi_plus_gutenberg_icon_type":"","sfsi_plus_gutenberg_icon_alignemt":"","sfsi_plus_gutenburg_max_per_row":"","footnotes":"","jetpack_publicize_message":"","jetpack_publicize_feature_enabled":true,"jetpack_social_post_already_shared":true,"jetpack_social_options":{"image_generator_settings":{"template":"highway","default_image_id":0,"font":"","enabled":false},"version":2}},"categories":[30,11,33],"tags":[6,9,36,34],"class_list":["post-756","post","type-post","status-publish","format-standard","has-post-thumbnail","hentry","category-iroi-naplo","category-kulisszak-mogott","category-muhelymunka","tag-inspiracio","tag-iroi-ut","tag-kulisszak-mogott","tag-muhelynaplo"],"jetpack_publicize_connections":[],"_links":{"self":[{"href":"https:\/\/jimrylie.hu\/blog\/index.php?rest_route=\/wp\/v2\/posts\/756","targetHints":{"allow":["GET"]}}],"collection":[{"href":"https:\/\/jimrylie.hu\/blog\/index.php?rest_route=\/wp\/v2\/posts"}],"about":[{"href":"https:\/\/jimrylie.hu\/blog\/index.php?rest_route=\/wp\/v2\/types\/post"}],"author":[{"embeddable":true,"href":"https:\/\/jimrylie.hu\/blog\/index.php?rest_route=\/wp\/v2\/users\/1"}],"replies":[{"embeddable":true,"href":"https:\/\/jimrylie.hu\/blog\/index.php?rest_route=%2Fwp%2Fv2%2Fcomments&post=756"}],"version-history":[{"count":7,"href":"https:\/\/jimrylie.hu\/blog\/index.php?rest_route=\/wp\/v2\/posts\/756\/revisions"}],"predecessor-version":[{"id":784,"href":"https:\/\/jimrylie.hu\/blog\/index.php?rest_route=\/wp\/v2\/posts\/756\/revisions\/784"}],"wp:featuredmedia":[{"embeddable":true,"href":"https:\/\/jimrylie.hu\/blog\/index.php?rest_route=\/wp\/v2\/media\/774"}],"wp:attachment":[{"href":"https:\/\/jimrylie.hu\/blog\/index.php?rest_route=%2Fwp%2Fv2%2Fmedia&parent=756"}],"wp:term":[{"taxonomy":"category","embeddable":true,"href":"https:\/\/jimrylie.hu\/blog\/index.php?rest_route=%2Fwp%2Fv2%2Fcategories&post=756"},{"taxonomy":"post_tag","embeddable":true,"href":"https:\/\/jimrylie.hu\/blog\/index.php?rest_route=%2Fwp%2Fv2%2Ftags&post=756"}],"curies":[{"name":"wp","href":"https:\/\/api.w.org\/{rel}","templated":true}]}}