{"id":794,"date":"2026-02-21T18:14:03","date_gmt":"2026-02-21T18:14:03","guid":{"rendered":"https:\/\/jimrylie.hu\/blog\/?p=794"},"modified":"2026-02-26T12:01:55","modified_gmt":"2026-02-26T12:01:55","slug":"a-hely-ahol-a-vilagom-szuletik","status":"publish","type":"post","link":"https:\/\/jimrylie.hu\/blog\/?p=794","title":{"rendered":"A hely, ahol a vil\u00e1gom sz\u00fcletik"},"content":{"rendered":"\n<p class=\"wp-block-paragraph\" style=\"font-size:18px\">Ismer\u0151s lehet sz\u00e1motokra a n\u00e9v, hiszen minden k\u00e9pen ott van: <strong>STUDIO MIRROW<\/strong>.<\/p>\n\n\n\n<p class=\"wp-block-paragraph\" style=\"font-size:18px\">De mi is ez val\u00f3j\u00e1ban?<\/p>\n\n\n\n<p class=\"wp-block-paragraph\" style=\"font-size:18px\">Egy hely, ahol a t\u00f6rt\u00e9netek, a k\u00e9pek \u00e9s a hangok tal\u00e1lkoznak, miel\u0151tt \u00fatra keln\u00e9nek az olvas\u00f3khoz.<\/p>\n\n\n\n<p class=\"wp-block-paragraph\" style=\"font-size:18px\">A Mirrow nem csup\u00e1n egy n\u00e9v a k\u00e9pek sark\u00e1ban.<\/p>\n\n\n\n<p class=\"wp-block-paragraph\" style=\"font-size:18px\">Ez egy f\u00fcggetlen, kis kreat\u00edv \u00e9s kiad\u00f3i m\u0171hely. A Zagrados-univerzum \u00e9s m\u00e1s j\u00f6v\u0151beli t\u00f6rt\u00e9netek otthona, hivatalos h\u00e1ttere. Itt sz\u00fcletnek a k\u00f6nyvek, az illusztr\u00e1ci\u00f3k, a zen\u00e9k. \u00c9s innen indulnak \u00fatnak.<\/p>\n\n\n\n<p class=\"wp-block-paragraph\" style=\"font-size:18px\">Mik\u00f6zben \u00e9n az \u00edr\u00e1sra \u00e9s vizu\u00e1lis &#8211; n\u00e9ha a zenei &#8211; vil\u00e1g megalkot\u00e1s\u00e1ra koncentr\u00e1lok, a Mirrow seg\u00edt abban, hogy mindaz, ami megsz\u00fcletik, el is jusson hozz\u00e1tok. A Mirrow a kiad\u00f3, a h\u00e1tt\u00e9r, a strukt\u00fara, a csendes t\u00e1rs \u00e9s mostant\u00f3l a t\u00f6rt\u00e9net r\u00e9sze.<\/p>\n\n\n\n<p class=\"wp-block-paragraph\" style=\"font-size:18px\">\u00c9s hogy ki \u00e1ll a Mirrow Studio m\u00f6g\u00f6tt?<\/p>\n\n\n\n<p class=\"wp-block-paragraph\" style=\"font-size:18px\">Az az ember, akire a mindennapokban is b\u00e1tran r\u00e1b\u00edzom az \u00e9letemet.<\/p>\n\n\n\n<p class=\"wp-block-paragraph\" style=\"font-size:18px\">\u00c9letem p\u00e1rja: <strong>Vasadi Nikolett<\/strong>.<\/p>\n\n\n\n<p class=\"wp-block-paragraph\"><\/p>\n\n\n\n<p class=\"wp-block-paragraph\" style=\"font-size:18px\"><a href=\"https:\/\/studiomirrow.hu\/\" data-type=\"link\" data-id=\"https:\/\/studiomirrow.hu\/\">studiomirrow.hu<\/a><\/p>\n\n\n\n<p class=\"wp-block-paragraph\"><\/p>\n","protected":false},"excerpt":{"rendered":"<p>Ismer\u0151s lehet sz\u00e1motokra a n\u00e9v, hiszen minden k\u00e9pen ott van: STUDIO MIRROW. De mi is ez val\u00f3j\u00e1ban? Egy hely, ahol a t\u00f6rt\u00e9netek, a k\u00e9pek \u00e9s a hangok tal\u00e1lkoznak, miel\u0151tt \u00fatra keln\u00e9nek az olvas\u00f3khoz. A Mirrow nem csup\u00e1n egy n\u00e9v a k\u00e9pek sark\u00e1ban. Ez egy f\u00fcggetlen, kis kreat\u00edv \u00e9s kiad\u00f3i m\u0171hely. A Zagrados-univerzum \u00e9s m\u00e1s j\u00f6v\u0151beli [&hellip;]<\/p>\n","protected":false},"author":1,"featured_media":1224,"comment_status":"open","ping_status":"open","sticky":false,"template":"","format":"standard","meta":{"_crdt_document":"","sfsi_plus_gutenberg_text_before_share":"","sfsi_plus_gutenberg_show_text_before_share":"","sfsi_plus_gutenberg_icon_type":"","sfsi_plus_gutenberg_icon_alignemt":"","sfsi_plus_gutenburg_max_per_row":"","footnotes":"","jetpack_publicize_message":"","jetpack_publicize_feature_enabled":true,"jetpack_social_post_already_shared":true,"jetpack_social_options":{"image_generator_settings":{"template":"highway","default_image_id":0,"font":"","enabled":false},"version":2}},"categories":[73],"tags":[36,74,18],"class_list":["post-794","post","type-post","status-publish","format-standard","has-post-thumbnail","hentry","category-alkotoi-ut","tag-kulisszak-mogott","tag-studiomirrow","tag-zagrados"],"jetpack_publicize_connections":[],"_links":{"self":[{"href":"https:\/\/jimrylie.hu\/blog\/index.php?rest_route=\/wp\/v2\/posts\/794","targetHints":{"allow":["GET"]}}],"collection":[{"href":"https:\/\/jimrylie.hu\/blog\/index.php?rest_route=\/wp\/v2\/posts"}],"about":[{"href":"https:\/\/jimrylie.hu\/blog\/index.php?rest_route=\/wp\/v2\/types\/post"}],"author":[{"embeddable":true,"href":"https:\/\/jimrylie.hu\/blog\/index.php?rest_route=\/wp\/v2\/users\/1"}],"replies":[{"embeddable":true,"href":"https:\/\/jimrylie.hu\/blog\/index.php?rest_route=%2Fwp%2Fv2%2Fcomments&post=794"}],"version-history":[{"count":7,"href":"https:\/\/jimrylie.hu\/blog\/index.php?rest_route=\/wp\/v2\/posts\/794\/revisions"}],"predecessor-version":[{"id":1124,"href":"https:\/\/jimrylie.hu\/blog\/index.php?rest_route=\/wp\/v2\/posts\/794\/revisions\/1124"}],"wp:featuredmedia":[{"embeddable":true,"href":"https:\/\/jimrylie.hu\/blog\/index.php?rest_route=\/wp\/v2\/media\/1224"}],"wp:attachment":[{"href":"https:\/\/jimrylie.hu\/blog\/index.php?rest_route=%2Fwp%2Fv2%2Fmedia&parent=794"}],"wp:term":[{"taxonomy":"category","embeddable":true,"href":"https:\/\/jimrylie.hu\/blog\/index.php?rest_route=%2Fwp%2Fv2%2Fcategories&post=794"},{"taxonomy":"post_tag","embeddable":true,"href":"https:\/\/jimrylie.hu\/blog\/index.php?rest_route=%2Fwp%2Fv2%2Ftags&post=794"}],"curies":[{"name":"wp","href":"https:\/\/api.w.org\/{rel}","templated":true}]}}