{"id":877,"date":"2025-12-01T17:12:42","date_gmt":"2025-12-01T17:12:42","guid":{"rendered":"https:\/\/jimrylie.hu\/blog\/?p=877"},"modified":"2026-01-03T20:45:12","modified_gmt":"2026-01-03T20:45:12","slug":"heti-osszefoglalo-amikor-a-projekt-lassan-konyve-valik","status":"publish","type":"post","link":"https:\/\/jimrylie.hu\/blog\/?p=877","title":{"rendered":"Heti \u00f6sszefoglal\u00f3 \u2013 amikor a projekt lassan k\u00f6nyv\u00e9 v\u00e1lik"},"content":{"rendered":"\n<p class=\"wp-block-paragraph\" style=\"font-size:18px\">Az elm\u00falt h\u00e9t el\u00e9g intenz\u00edv volt. A grafikai munka sok id\u0151t vitt el, de k\u00f6zben a fejezetekkel is siker\u00fclt haladnom. <\/p>\n\n\n\n<p class=\"wp-block-paragraph\" style=\"font-size:18px\">Egyre tiszt\u00e1bban l\u00e1tom a t\u00f6rt\u00e9net teljes \u00edv\u00e9t, \u00e9s azt is, pontosan hov\u00e1 tartanak a szerepl\u0151k. Ez sokat seg\u00edt abban, hogy magabiztosabban menjek tov\u00e1bb.<\/p>\n\n\n\n<p class=\"wp-block-paragraph\" style=\"font-size:18px\">A rajzokn\u00e1l m\u00e9g rengeteg munka van, de m\u00e1r kezdenek egys\u00e9gben mozogni.<\/p>\n\n\n\n<p class=\"wp-block-paragraph\" style=\"font-size:18px\">Rengeteg minden t\u00f6rt\u00e9nik a h\u00e1tt\u00e9rben, de igyekszem nem elsietni semmit. Minden fejezet annyit kap, amennyit meg\u00e9rdemel. <\/p>\n\n\n\n<p class=\"wp-block-paragraph\" style=\"font-size:18px\">A h\u00e9ten visszat\u00e9rek a sz\u00f6vegre, mert fontos, hogy a t\u00f6rt\u00e9net ritmusa is haladjon tov\u00e1bb. Lassan k\u00f6zeledik az id\u0151, amikor m\u00e1r nem csak magamnak k\u00e9sz\u00edtem ezt, hanem m\u00e1sok kez\u00e9be is ker\u00fcl majd. Ez furcsa, de j\u00f3 \u00e9rz\u00e9s. <\/p>\n\n\n\n<p class=\"wp-block-paragraph\" style=\"font-size:18px\">Ahogy k\u00f6zeledik majd a tavasz, el kell kezdeni a kiad\u00f3i el\u0151k\u00e9sz\u00edt\u00e9st. <\/p>\n\n\n\n<p class=\"wp-block-paragraph\" style=\"font-size:18px\">A k\u00f6rnyezetem k\u00f6zben lassan st\u00fadi\u00f3v\u00e1 alakult. A rajzok m\u00e1r tap\u00e9tak\u00e9nt l\u00f3gnak a falon, hogy egyszerre l\u00e1ssam, hogyan illeszkednek egym\u00e1shoz \u00e9s a vil\u00e1ghoz.<\/p>\n\n\n\n<p class=\"wp-block-paragraph\" style=\"font-size:18px\">A sz\u00ednh\u0171 monitor m\u00e1r \u00faton van, \u00e9s \u00e9pp keresem, hova tegyek egy \u00edr\u00f3t\u00e1bl\u00e1t, mert a kiad\u00e1sig pontosan k\u00f6vetnem kell majd az \u00fctemtervet \u00e9s a m\u00e9g h\u00e1tral\u00e9v\u0151 fejezeteket.<\/p>\n\n\n\n<p class=\"wp-block-paragraph\" style=\"font-size:18px\">Mit viszek magammal ebb\u0151l a h\u00e9tb\u0151l? <\/p>\n\n\n\n<p class=\"wp-block-paragraph\" style=\"font-size:18px\">A felismer\u00e9st, hogy lassan t\u00e9nyleg k\u00f6nyv lesz ebb\u0151l, nem csak egy projekt.<br>\u00c9s azt, hogy minden egyes nap k\u00f6zelebb visz egy olyan alkot\u00e1shoz, amit egyszer m\u00e1sok is a kez\u00fckbe vehetnek.<\/p>\n\n\n\n<p class=\"wp-block-paragraph\" style=\"font-size:18px\">\u00c9s m\u00e9g valamit: ezt a vil\u00e1got \u00e9n m\u00e1r most t\u00f6bbnek l\u00e1tom, mint egy k\u00f6nyv.<\/p>\n\n\n\n<p class=\"wp-block-paragraph\" style=\"font-size:18px\">K\u00f6sz\u00f6n\u00f6m, hogy velem tartotok ezen az \u00faton. L\u00e9p\u00e9sr\u0151l l\u00e9p\u00e9sre, ahogy Zagrados lassan \u00e9letre kel.<\/p>\n\n\n\n<p class=\"wp-block-paragraph\"><\/p>\n","protected":false},"excerpt":{"rendered":"<p>Az elm\u00falt h\u00e9t el\u00e9g intenz\u00edv volt. A grafikai munka sok id\u0151t vitt el, de k\u00f6zben a fejezetekkel is siker\u00fclt haladnom. Egyre tiszt\u00e1bban l\u00e1tom a t\u00f6rt\u00e9net teljes \u00edv\u00e9t, \u00e9s azt is, pontosan hov\u00e1 tartanak a szerepl\u0151k. Ez sokat seg\u00edt abban, hogy magabiztosabban menjek tov\u00e1bb. A rajzokn\u00e1l m\u00e9g rengeteg munka van, de m\u00e1r kezdenek egys\u00e9gben mozogni. Rengeteg [&hellip;]<\/p>\n","protected":false},"author":1,"featured_media":890,"comment_status":"open","ping_status":"open","sticky":false,"template":"","format":"standard","meta":{"_crdt_document":"","sfsi_plus_gutenberg_text_before_share":"","sfsi_plus_gutenberg_show_text_before_share":"","sfsi_plus_gutenberg_icon_type":"","sfsi_plus_gutenberg_icon_alignemt":"","sfsi_plus_gutenburg_max_per_row":"","footnotes":"","jetpack_publicize_message":"","jetpack_publicize_feature_enabled":true,"jetpack_social_post_already_shared":true,"jetpack_social_options":{"image_generator_settings":{"template":"highway","default_image_id":0,"font":"","enabled":false},"version":2}},"categories":[30],"tags":[44,56,36,18],"class_list":["post-877","post","type-post","status-publish","format-standard","has-post-thumbnail","hentry","category-iroi-naplo","tag-alkotas","tag-konyviras","tag-kulisszak-mogott","tag-zagrados"],"jetpack_publicize_connections":[],"_links":{"self":[{"href":"https:\/\/jimrylie.hu\/blog\/index.php?rest_route=\/wp\/v2\/posts\/877","targetHints":{"allow":["GET"]}}],"collection":[{"href":"https:\/\/jimrylie.hu\/blog\/index.php?rest_route=\/wp\/v2\/posts"}],"about":[{"href":"https:\/\/jimrylie.hu\/blog\/index.php?rest_route=\/wp\/v2\/types\/post"}],"author":[{"embeddable":true,"href":"https:\/\/jimrylie.hu\/blog\/index.php?rest_route=\/wp\/v2\/users\/1"}],"replies":[{"embeddable":true,"href":"https:\/\/jimrylie.hu\/blog\/index.php?rest_route=%2Fwp%2Fv2%2Fcomments&post=877"}],"version-history":[{"count":11,"href":"https:\/\/jimrylie.hu\/blog\/index.php?rest_route=\/wp\/v2\/posts\/877\/revisions"}],"predecessor-version":[{"id":892,"href":"https:\/\/jimrylie.hu\/blog\/index.php?rest_route=\/wp\/v2\/posts\/877\/revisions\/892"}],"wp:featuredmedia":[{"embeddable":true,"href":"https:\/\/jimrylie.hu\/blog\/index.php?rest_route=\/wp\/v2\/media\/890"}],"wp:attachment":[{"href":"https:\/\/jimrylie.hu\/blog\/index.php?rest_route=%2Fwp%2Fv2%2Fmedia&parent=877"}],"wp:term":[{"taxonomy":"category","embeddable":true,"href":"https:\/\/jimrylie.hu\/blog\/index.php?rest_route=%2Fwp%2Fv2%2Fcategories&post=877"},{"taxonomy":"post_tag","embeddable":true,"href":"https:\/\/jimrylie.hu\/blog\/index.php?rest_route=%2Fwp%2Fv2%2Ftags&post=877"}],"curies":[{"name":"wp","href":"https:\/\/api.w.org\/{rel}","templated":true}]}}