{"id":9,"date":"2025-08-14T22:04:59","date_gmt":"2025-08-14T22:04:59","guid":{"rendered":"https:\/\/jimrylie.hu\/blog\/?p=9"},"modified":"2025-09-28T19:06:44","modified_gmt":"2025-09-28T19:06:44","slug":"egy-uj-utazas-kezdete","status":"publish","type":"post","link":"https:\/\/jimrylie.hu\/blog\/?p=9","title":{"rendered":"Egy \u00faj utaz\u00e1s kezdete"},"content":{"rendered":"\n<p class=\"has-medium-font-size wp-block-paragraph\">Nem minden t\u00f6rt\u00e9net kezd\u0151dik egy\u00e9rtelm\u0171 v\u00e1laszokkal. <br>Van, ami csak halk suttog\u00e1ssal, egy r\u00e9gi legenda foszl\u00e1nyaival indul\u2026 \u00e9s lassan k\u00faszik be a gondolataink k\u00f6z\u00e9, m\u00edg egy napon m\u00e1r \u00fagy \u00e9rezz\u00fck, ott volt vel\u00fcnk mindig is.<\/p>\n\n\n\n<p class=\"has-medium-font-size wp-block-paragraph\">Van egy vil\u00e1g, ahol a j\u00e9g m\u00e9lye titkokat \u0151riz, \u00e9s a sz\u00e9l \u00fczeneteket hordoz azoknak, akik figyelni tudnak. Egy vil\u00e1g, ahol a b\u00e1tors\u00e1g nem a kardban, hanem a sz\u00edvben sz\u00fcletik.<\/p>\n\n\n\n<p class=\"has-medium-font-size wp-block-paragraph\">Itt kezd\u0151dik az utam. Nem sietek, \u00e9s nem is \u00e1rulok el mindent egyszerre. Aki velem tart, annak apr\u00e1nk\u00e9nt felfedem, milyen csod\u00e1k \u00e9s vesz\u00e9lyek rejt\u0151znek a fagyott t\u00e1j m\u00f6g\u00f6tt.<\/p>\n\n\n\n<p class=\"has-medium-font-size wp-block-paragraph\">Tal\u00e1n egyszer majd te is meg\u00e9rted, mi\u00e9rt nem tudtam h\u00e1tat ford\u00edtani ennek a t\u00f6rt\u00e9netnek.<br>Addig\u2026 csak figyelj. A sz\u00e9l hozza a k\u00f6vetkez\u0151 jelet.<\/p>\n","protected":false},"excerpt":{"rendered":"<p>Nem minden t\u00f6rt\u00e9net kezd\u0151dik egy\u00e9rtelm\u0171 v\u00e1laszokkal. Van, ami csak halk suttog\u00e1ssal, egy r\u00e9gi legenda foszl\u00e1nyaival indul\u2026 \u00e9s lassan k\u00faszik be a gondolataink k\u00f6z\u00e9, m\u00edg egy napon m\u00e1r \u00fagy \u00e9rezz\u00fck, ott volt vel\u00fcnk mindig is. Van egy vil\u00e1g, ahol a j\u00e9g m\u00e9lye titkokat \u0151riz, \u00e9s a sz\u00e9l \u00fczeneteket hordoz azoknak, akik figyelni tudnak. Egy vil\u00e1g, ahol [&hellip;]<\/p>\n","protected":false},"author":1,"featured_media":0,"comment_status":"open","ping_status":"open","sticky":false,"template":"","format":"standard","meta":{"_crdt_document":"","sfsi_plus_gutenberg_text_before_share":"","sfsi_plus_gutenberg_show_text_before_share":"","sfsi_plus_gutenberg_icon_type":"","sfsi_plus_gutenberg_icon_alignemt":"","sfsi_plus_gutenburg_max_per_row":"","footnotes":"","jetpack_publicize_message":"","jetpack_publicize_feature_enabled":true,"jetpack_social_post_already_shared":false,"jetpack_social_options":{"image_generator_settings":{"template":"highway","default_image_id":0,"font":"","enabled":false},"version":2}},"categories":[2],"tags":[],"class_list":["post-9","post","type-post","status-publish","format-standard","hentry","category-konyviras"],"jetpack_publicize_connections":[],"_links":{"self":[{"href":"https:\/\/jimrylie.hu\/blog\/index.php?rest_route=\/wp\/v2\/posts\/9","targetHints":{"allow":["GET"]}}],"collection":[{"href":"https:\/\/jimrylie.hu\/blog\/index.php?rest_route=\/wp\/v2\/posts"}],"about":[{"href":"https:\/\/jimrylie.hu\/blog\/index.php?rest_route=\/wp\/v2\/types\/post"}],"author":[{"embeddable":true,"href":"https:\/\/jimrylie.hu\/blog\/index.php?rest_route=\/wp\/v2\/users\/1"}],"replies":[{"embeddable":true,"href":"https:\/\/jimrylie.hu\/blog\/index.php?rest_route=%2Fwp%2Fv2%2Fcomments&post=9"}],"version-history":[{"count":6,"href":"https:\/\/jimrylie.hu\/blog\/index.php?rest_route=\/wp\/v2\/posts\/9\/revisions"}],"predecessor-version":[{"id":638,"href":"https:\/\/jimrylie.hu\/blog\/index.php?rest_route=\/wp\/v2\/posts\/9\/revisions\/638"}],"wp:attachment":[{"href":"https:\/\/jimrylie.hu\/blog\/index.php?rest_route=%2Fwp%2Fv2%2Fmedia&parent=9"}],"wp:term":[{"taxonomy":"category","embeddable":true,"href":"https:\/\/jimrylie.hu\/blog\/index.php?rest_route=%2Fwp%2Fv2%2Fcategories&post=9"},{"taxonomy":"post_tag","embeddable":true,"href":"https:\/\/jimrylie.hu\/blog\/index.php?rest_route=%2Fwp%2Fv2%2Ftags&post=9"}],"curies":[{"name":"wp","href":"https:\/\/api.w.org\/{rel}","templated":true}]}}