{"id":980,"date":"2025-12-20T15:36:17","date_gmt":"2025-12-20T15:36:17","guid":{"rendered":"https:\/\/jimrylie.hu\/blog\/?p=980"},"modified":"2025-12-21T07:17:54","modified_gmt":"2025-12-21T07:17:54","slug":"egy-vilag-kapuja-hogyan-szuletett-meg-a-konyv-landing-oldalanak-kepe","status":"publish","type":"post","link":"https:\/\/jimrylie.hu\/blog\/?p=980","title":{"rendered":"Egy vil\u00e1g kapuja &#8211; Hogyan sz\u00fcletett meg a k\u00f6nyv bemutat\u00f3 oldal\u00e1nak k\u00e9pe"},"content":{"rendered":"\n<pre class=\"wp-block-code\"><code><\/code><\/pre>\n\n\n\n<p class=\"wp-block-paragraph\" style=\"font-size:18px\">Az elm\u00falt napokban elk\u00e9sz\u00fclt Pip\u00f3 k\u00f6nyv bemutat\u00f3 oldal\u00e1hoz k\u00e9sz\u00fcl\u0151 f\u0151 h\u00e1tt\u00e9rk\u00e9p. <br>Egy olyan k\u00e9p, amelyen kereszt\u00fcl el\u0151sz\u00f6r pillanthattok bele ebbe a vil\u00e1gba.<\/p>\n\n\n\n<p class=\"wp-block-paragraph\" style=\"font-size:18px\">Hossz\u00fa ideje \u00e9l a fejemben ez a jelenet:<br>a havas part, a falu f\u00e9nyei, a dereng\u0151 j\u00e9ghegy, \u00e9s egy kis pingvin, aki m\u00e9g nem h\u0151s, de m\u00e1r \u00faton van.<\/p>\n\n\n\n<p class=\"wp-block-paragraph\" style=\"font-size:18px\">Ebben a bejegyz\u00e9sben szeretn\u00e9m megmutatni, hogyan jutott el ez a k\u00e9p a kezdeti koncepci\u00f3t\u00f3l a v\u00e9gleges form\u00e1j\u00e1ig.<\/p>\n\n\n\n<p class=\"wp-block-paragraph\" style=\"font-size:18px\"><strong>\ud83d\udd39 Az els\u0151 koncepci\u00f3<\/strong><\/p>\n\n\n\n<figure class=\"wp-block-image size-large\"><img loading=\"lazy\" decoding=\"async\" width=\"1024\" height=\"683\" src=\"https:\/\/jimrylie.hu\/blog\/wp-content\/uploads\/2025\/12\/kep1-1024x683.png\" alt=\"\" class=\"wp-image-984\" srcset=\"https:\/\/jimrylie.hu\/blog\/wp-content\/uploads\/2025\/12\/kep1-1024x683.png 1024w, https:\/\/jimrylie.hu\/blog\/wp-content\/uploads\/2025\/12\/kep1-300x200.png 300w, https:\/\/jimrylie.hu\/blog\/wp-content\/uploads\/2025\/12\/kep1-768x512.png 768w, https:\/\/jimrylie.hu\/blog\/wp-content\/uploads\/2025\/12\/kep1-1320x880.png 1320w, https:\/\/jimrylie.hu\/blog\/wp-content\/uploads\/2025\/12\/kep1.png 1536w\" sizes=\"auto, (max-width: 1024px) 100vw, 1024px\" \/><\/figure>\n\n\n\n<p class=\"wp-block-paragraph\" style=\"font-size:18px\">Ezt a k\u00e9pet k\u00f6r\u00fclbel\u00fcl egy \u00e9ve k\u00e9sz\u00edtettem, itt m\u00e9g nem a karakter, h\u00e1zak vagy b\u00e1rmi kidolgoz\u00e1s\u00e1ra figyeltem, itt csak az alap hangulat \u00e9s a kompoz\u00edci\u00f3 l\u00e9tezett a fejemben.<br>Egy ir\u00e1ny, egy \u00e9rz\u00e9s, egy k\u00e9rd\u00e9s: milyen legyen az els\u0151 pillanat, amikor valaki bel\u00e9p Zagrados vil\u00e1g\u00e1ba?<\/p>\n\n\n\n<pre class=\"wp-block-code\"><code><\/code><\/pre>\n\n\n\n<p class=\"wp-block-paragraph\" style=\"font-size:18px\"><strong>\ud83d\udd39 A kialakul\u00f3 vil\u00e1g<\/strong><\/p>\n\n\n\n<figure class=\"wp-block-image size-large\"><img loading=\"lazy\" decoding=\"async\" width=\"1024\" height=\"646\" src=\"https:\/\/jimrylie.hu\/blog\/wp-content\/uploads\/2025\/12\/kep2-1024x646.png\" alt=\"\" class=\"wp-image-985\" srcset=\"https:\/\/jimrylie.hu\/blog\/wp-content\/uploads\/2025\/12\/kep2-1024x646.png 1024w, https:\/\/jimrylie.hu\/blog\/wp-content\/uploads\/2025\/12\/kep2-300x189.png 300w, https:\/\/jimrylie.hu\/blog\/wp-content\/uploads\/2025\/12\/kep2-768x485.png 768w, https:\/\/jimrylie.hu\/blog\/wp-content\/uploads\/2025\/12\/kep2-1536x970.png 1536w, https:\/\/jimrylie.hu\/blog\/wp-content\/uploads\/2025\/12\/kep2-1320x833.png 1320w, https:\/\/jimrylie.hu\/blog\/wp-content\/uploads\/2025\/12\/kep2.png 1760w\" sizes=\"auto, (max-width: 1024px) 100vw, 1024px\" \/><\/figure>\n\n\n\n<p class=\"wp-block-paragraph\" style=\"font-size:18px\">Azt\u00e1n k\u00e9t h\u00e9ttel ezel\u0151tt nekil\u00e1ttam a kompoz\u00edci\u00f3s elk\u00e9pzel\u00e9s alapj\u00e1n l\u00e9trehozni azt a vil\u00e1got ami a fejemben van. Ezen a ponton m\u00e1r megsz\u00fcletett a falu, a t\u00e9r, a f\u00e9nyek ir\u00e1nya.<br>A vil\u00e1g kezdett \u00f6n\u00e1ll\u00f3 \u00e9letre kelni, de m\u00e9g nem volt teljes.<\/p>\n\n\n\n<pre class=\"wp-block-code\"><code><\/code><\/pre>\n\n\n\n<p class=\"wp-block-paragraph\" style=\"font-size:18px\"><strong>\ud83d\udd39 A v\u00e9gleges h\u00e1tt\u00e9r<\/strong><\/p>\n\n\n\n<figure class=\"wp-block-image size-large\"><img loading=\"lazy\" decoding=\"async\" width=\"1024\" height=\"669\" src=\"https:\/\/jimrylie.hu\/blog\/wp-content\/uploads\/2025\/12\/kep3-1024x669.png\" alt=\"\" class=\"wp-image-988\" srcset=\"https:\/\/jimrylie.hu\/blog\/wp-content\/uploads\/2025\/12\/kep3-1024x669.png 1024w, https:\/\/jimrylie.hu\/blog\/wp-content\/uploads\/2025\/12\/kep3-300x196.png 300w, https:\/\/jimrylie.hu\/blog\/wp-content\/uploads\/2025\/12\/kep3-768x502.png 768w, https:\/\/jimrylie.hu\/blog\/wp-content\/uploads\/2025\/12\/kep3-1320x862.png 1320w, https:\/\/jimrylie.hu\/blog\/wp-content\/uploads\/2025\/12\/kep3.png 1534w\" sizes=\"auto, (max-width: 1024px) 100vw, 1024px\" \/><\/figure>\n\n\n\n<p class=\"wp-block-paragraph\" style=\"font-size:18px\">Ez az a k\u00e9p, amely m\u00e1r teljes eg\u00e9sz\u00e9ben Havaspart.<br>A hely, ahol a t\u00f6rt\u00e9net elindul.<br>A pillanat, miel\u0151tt minden megv\u00e1ltozik.<\/p>\n\n\n\n<p class=\"wp-block-paragraph\" style=\"font-size:18px\">Sz\u00e1momra ez hatalmas m\u00e9rf\u00f6ldk\u0151.<br>Ritka \u00e9rz\u00e9s, amikor az ember pont azt l\u00e1tja viszont, amit eredetileg a fej\u00e9ben hordozott.<\/p>\n\n\n\n<p class=\"wp-block-paragraph\" style=\"font-size:18px\">Hamarosan elk\u00e9sz\u00fcl a k\u00f6nyv landing oldala is, ahol ez a k\u00e9p lesz az els\u0151, amit megl\u00e1ttok majd.<br>Addig is szerettem volna megosztani veletek ezt az alkot\u00f3i folyamatot.<\/p>\n\n\n\n<p class=\"wp-block-paragraph\" style=\"font-size:18px\">Kellemes \u00fcnnepeket k\u00edv\u00e1nok mindenkinek,<br>\u00e9s k\u00f6sz\u00f6n\u00f6m, hogy velem tartotok ezen az \u00faton.<\/p>\n\n\n\n<p class=\"wp-block-paragraph\" style=\"font-size:18px\">Jim Rylie<\/p>\n\n\n\n<iframe loading=\"lazy\" width=\"560\" height=\"315\" src=\"https:\/\/www.youtube.com\/embed\/pLWO9b1BsGE?si=dY6zWIVWUHjqtYJM\" title=\"YouTube video player\" frameborder=\"0\" allow=\"accelerometer; autoplay; clipboard-write; encrypted-media; gyroscope; picture-in-picture; web-share\" referrerpolicy=\"strict-origin-when-cross-origin\" allowfullscreen><\/iframe>\n","protected":false},"excerpt":{"rendered":"<p>Az elm\u00falt napokban elk\u00e9sz\u00fclt Pip\u00f3 k\u00f6nyv bemutat\u00f3 oldal\u00e1hoz k\u00e9sz\u00fcl\u0151 f\u0151 h\u00e1tt\u00e9rk\u00e9p. Egy olyan k\u00e9p, amelyen kereszt\u00fcl el\u0151sz\u00f6r pillanthattok bele ebbe a vil\u00e1gba. Hossz\u00fa ideje \u00e9l a fejemben ez a jelenet:a havas part, a falu f\u00e9nyei, a dereng\u0151 j\u00e9ghegy, \u00e9s egy kis pingvin, aki m\u00e9g nem h\u0151s, de m\u00e1r \u00faton van. Ebben a bejegyz\u00e9sben szeretn\u00e9m megmutatni, [&hellip;]<\/p>\n","protected":false},"author":1,"featured_media":993,"comment_status":"open","ping_status":"open","sticky":false,"template":"","format":"standard","meta":{"_crdt_document":"","sfsi_plus_gutenberg_text_before_share":"","sfsi_plus_gutenberg_show_text_before_share":"","sfsi_plus_gutenberg_icon_type":"","sfsi_plus_gutenberg_icon_alignemt":"","sfsi_plus_gutenburg_max_per_row":"","footnotes":"","jetpack_publicize_message":"","jetpack_publicize_feature_enabled":true,"jetpack_social_post_already_shared":true,"jetpack_social_options":{"image_generator_settings":{"template":"highway","default_image_id":0,"font":"","enabled":false},"version":2}},"categories":[59,50],"tags":[61,60,13,18],"class_list":["post-980","post","type-post","status-publish","format-standard","has-post-thumbnail","hentry","category-merfoldko","category-vilagepites","tag-koncepcio","tag-landing","tag-vilagepites","tag-zagrados"],"jetpack_publicize_connections":[],"_links":{"self":[{"href":"https:\/\/jimrylie.hu\/blog\/index.php?rest_route=\/wp\/v2\/posts\/980","targetHints":{"allow":["GET"]}}],"collection":[{"href":"https:\/\/jimrylie.hu\/blog\/index.php?rest_route=\/wp\/v2\/posts"}],"about":[{"href":"https:\/\/jimrylie.hu\/blog\/index.php?rest_route=\/wp\/v2\/types\/post"}],"author":[{"embeddable":true,"href":"https:\/\/jimrylie.hu\/blog\/index.php?rest_route=\/wp\/v2\/users\/1"}],"replies":[{"embeddable":true,"href":"https:\/\/jimrylie.hu\/blog\/index.php?rest_route=%2Fwp%2Fv2%2Fcomments&post=980"}],"version-history":[{"count":9,"href":"https:\/\/jimrylie.hu\/blog\/index.php?rest_route=\/wp\/v2\/posts\/980\/revisions"}],"predecessor-version":[{"id":999,"href":"https:\/\/jimrylie.hu\/blog\/index.php?rest_route=\/wp\/v2\/posts\/980\/revisions\/999"}],"wp:featuredmedia":[{"embeddable":true,"href":"https:\/\/jimrylie.hu\/blog\/index.php?rest_route=\/wp\/v2\/media\/993"}],"wp:attachment":[{"href":"https:\/\/jimrylie.hu\/blog\/index.php?rest_route=%2Fwp%2Fv2%2Fmedia&parent=980"}],"wp:term":[{"taxonomy":"category","embeddable":true,"href":"https:\/\/jimrylie.hu\/blog\/index.php?rest_route=%2Fwp%2Fv2%2Fcategories&post=980"},{"taxonomy":"post_tag","embeddable":true,"href":"https:\/\/jimrylie.hu\/blog\/index.php?rest_route=%2Fwp%2Fv2%2Ftags&post=980"}],"curies":[{"name":"wp","href":"https:\/\/api.w.org\/{rel}","templated":true}]}}